{"id":3031,"date":"2026-01-02T15:53:04","date_gmt":"2026-01-02T19:53:04","guid":{"rendered":"https:\/\/elviajero.com.do\/?p=3031"},"modified":"2026-01-02T15:53:04","modified_gmt":"2026-01-02T19:53:04","slug":"operativo-navideno-cierra-con-29-muertes-245-accidentes-y-65-menores-intoxicados-por-alcohol","status":"publish","type":"post","link":"https:\/\/elviajero.com.do\/index.php\/2026\/01\/02\/operativo-navideno-cierra-con-29-muertes-245-accidentes-y-65-menores-intoxicados-por-alcohol\/","title":{"rendered":"Operativo navide\u00f1o cierra con 29 muertes, 245 accidentes y 65 menores intoxicados por alcohol"},"content":{"rendered":"<p>Santo Domingo-RD<\/p>\n<p>El <strong>Centro de Operaciones de Emergencias <\/strong>(COE) present\u00f3 este jueves el bolet\u00edn n\u00famero tres, consolidado final, del operativo <strong>\u201cConciencia por la Vida, Navidad 2025-2026\u201d<\/strong>,con 29 fallecidos y 245 a Destacando como uno de los datos \"alarmantes\" la intoxicaci\u00f3n por bebidas alcoh\u00f3licas de<strong> 65 menores de edad<\/strong> durante el asueto de Navidad y A\u00f1o Nuevo.<\/p>\n<p>De acuerdo con el informe oficial, 13 menores resultaron intoxicados en la primera fase del operativo y 52 en la segunda, con edades comprendidas principalmente entre 3, 11 y 17 a\u00f1os.<\/p>\n<p>No obstante, se registr\u00f3 un caso de un ni\u00f1o de apenas 3 a\u00f1os en la primera fase. La doctora Joanny Ram\u00edrez, del Servicio Nacional de Salud (SNS), explic\u00f3 que todos los casos de menores afectados son consolidados y remitidos a la Procuradur\u00eda General de la Rep\u00fablica, conforme a los protocolos establecidos, indicando que la carta oficial fue enviada a las 8:00 de la ma\u00f1ana de este jueves.<\/p>\n<p>Durante la rueda de prensa, el COE inform\u00f3 que 7.6 millones de personas se desplazaron por las autopistas y carreteras del pa\u00eds durante las dos fases del operativo, lo que representa un incremento de 1.32 % en comparaci\u00f3n con el a\u00f1o anterior.<\/p>\n<p><strong>Accidentes de tr\u00e1nsito<\/strong><\/p>\n<p>De las 29 muertes, <strong>18 ocurrieron en la segunda fase y 11 en la primera<\/strong>, reflejando una reducci\u00f3n del 31 % en las fatalidades respecto al operativo 2024-2025.<\/p>\n<p>Asimismo, se reportaron 307 personas afectadas por accidentes de tr\u00e1nsito.<\/p>\n<p>El consolidado final indica adem\u00e1s 769 intoxicaciones alcoh\u00f3licas y 163 intoxicaciones alimentarias durante todo el operativo.<\/p>\n<p>En la segunda fase se contabilizaron 476 casos de intoxicaci\u00f3n por alcohol y 52 por alimentos, mientras que en la primera fase se registraron 293 intoxicaciones alcoh\u00f3licas y 111 intoxicaciones alimentarias.<\/p>\n<p>El informe detalla que las provincias con mayor cantidad de casos fueron Santo Domingo (12.24 %), Distrito Nacional (9.4 %), San Pedro de Macor\u00eds (8.8 %), San Crist\u00f3bal (7.7 %), La Altagracia (7.7 %), Puerto Plata (6.9 %), La Vega (4.5 %) y S\u00e1nchez Ram\u00edrez (4.5 %). Los horarios de mayor incidencia se concentraron entre las 12 del mediod\u00eda y las 6 de la tarde (35 %), seguidos por las 6:00 a.m. y las 12:00 del mediod\u00eda (23 %), y las 6:00 p.m. y las 11:59 de la noche (21.6 %).<\/p>\n<p>En cuanto a la asistencia al p\u00fablico, las autoridades informaron que se ofrecieron 25,108 asistencias viales y 4,744 asistencias m\u00e9dicas, para un total de 29,852 servicios durante el operativo.<\/p>\n<p>Sobre las condiciones meteorol\u00f3gicas, el Instituto Dominicano de Meteorolog\u00eda (Indomet) explic\u00f3 que la vaguada que afect\u00f3 al pa\u00eds desde finales de a\u00f1o comenz\u00f3 a salir del territorio nacional, lo que permitir\u00e1 una disminuci\u00f3n gradual de las lluvias.<\/p>\n<p>Sin embargo, para la tarde de este viernes se esperan aguaceros moderados en provincias como Monte Plata, Monse\u00f1or Nouel, La Vega, Santiago (zona sur), Dajab\u00f3n y algunas \u00e1reas de Montecristi, los cuales disminuir\u00e1n en horas de la noche.<\/p>\n<p>Para ma\u00f1ana s\u00e1bado, Indomet indic\u00f3 que una masa de aire con menor contenido de humedad limitar\u00e1 las precipitaciones a chubascos aislados y aguaceros puntuales, especialmente en la Cordillera Central, sin acumulados significativos.<\/p>\n<p>Asimismo, advirti\u00f3 que el domingo ingresar\u00e1 un sistema frontal o vaguada frontal, el cual incrementar\u00e1 nuevamente las lluvias en horas de la tarde y la noche, afectando principalmente el noroeste del pa\u00eds, incluyendo Montecristi, Puerto Plata, Dajab\u00f3n, Santiago Rodr\u00edguez y El\u00edas Pi\u00f1a, con incidencia que se extender\u00e1 durante la noche, la madrugada y el lunes en varias provincias.<\/p>\n<p>Indomet inform\u00f3 adem\u00e1s que los acumulados de lluvias previstos para los pr\u00f3ximos dos d\u00edas estar\u00e1n entre 15 y 35 mil\u00edmetros, mientras que las precipitaciones registradas entre el 31 de diciembre de 2025 y el 1 de enero de 2026 fueron significativas, alcanzando 100 mil\u00edmetros en Villa Altagracia, 97.5 en Polo, Barahona, 93.4 en Cabrera, Saman\u00e1, y 16.6 mil\u00edmetros en Arroyo Barril, Saman\u00e1, entre otras localidades.<\/p>\n<p>En cuanto al oleaje, las autoridades se\u00f1alaron que las condiciones mar\u00edtimas se mantienen favorables, aunque recomendaron a los usuarios de embarcaciones consultar con las autoridades locales antes de realizar sus actividades.<\/p>\n<p>El COE atribuy\u00f3 la reducci\u00f3n de accidentes y fatalidades a la prudencia de la ciudadan\u00eda, al trabajo preventivo de las instituciones y al apoyo de los medios de comunicaci\u00f3n en la concienciaci\u00f3n.<\/p>\n<p>No obstante, reiter\u00f3 el llamado a padres, madres y tutores a evitar el consumo de alcohol en menores, recordando que se trata de una pr\u00e1ctica peligrosa y sancionable.<\/p>\n<p>El operativo cont\u00f3 con la participaci\u00f3n de m\u00e1s de 30 instituciones p\u00fablicas y privadas, entre ellas los ministerios de Defensa, Interior y Polic\u00eda, Salud P\u00fablica, Obras P\u00fablicas, Turismo, la Polic\u00eda Nacional, la Defensa Civil, el Servicio Nacional de Salud, la Digesett, el Intrant, la Cruz Roja Dominicana, el Sistema 9-1-1, los cuerpos de bomberos y otros organismos de apoyo.<\/p>\n<p>La Digesett inform\u00f3 que, aunque el operativo del COE concluye este jueves, mantendr\u00e1 dispositivos de control y carreteo durante el fin de semana largo por el D\u00eda de Reyes, ante el retorno masivo de ciudadanos desde el interior del pa\u00eds.<\/p>\n<p>&nbsp;<\/p>\n","protected":false},"excerpt":{"rendered":"<p>Santo Domingo-RD El Centro de Operaciones de Emergencias (COE) present\u00f3 este jueves el bolet\u00edn n\u00famero&#8230;<\/p>\n","protected":false},"author":3,"featured_media":3032,"comment_status":"open","ping_status":"open","sticky":false,"template":"","format":"standard","meta":{"footnotes":""},"categories":[5],"tags":[],"class_list":["post-3031","post","type-post","status-publish","format-standard","has-post-thumbnail","hentry","category-portada"],"_links":{"self":[{"href":"https:\/\/elviajero.com.do\/index.php\/wp-json\/wp\/v2\/posts\/3031","targetHints":{"allow":["GET"]}}],"collection":[{"href":"https:\/\/elviajero.com.do\/index.php\/wp-json\/wp\/v2\/posts"}],"about":[{"href":"https:\/\/elviajero.com.do\/index.php\/wp-json\/wp\/v2\/types\/post"}],"author":[{"embeddable":true,"href":"https:\/\/elviajero.com.do\/index.php\/wp-json\/wp\/v2\/users\/3"}],"replies":[{"embeddable":true,"href":"https:\/\/elviajero.com.do\/index.php\/wp-json\/wp\/v2\/comments?post=3031"}],"version-history":[{"count":1,"href":"https:\/\/elviajero.com.do\/index.php\/wp-json\/wp\/v2\/posts\/3031\/revisions"}],"predecessor-version":[{"id":3033,"href":"https:\/\/elviajero.com.do\/index.php\/wp-json\/wp\/v2\/posts\/3031\/revisions\/3033"}],"wp:featuredmedia":[{"embeddable":true,"href":"https:\/\/elviajero.com.do\/index.php\/wp-json\/wp\/v2\/media\/3032"}],"wp:attachment":[{"href":"https:\/\/elviajero.com.do\/index.php\/wp-json\/wp\/v2\/media?parent=3031"}],"wp:term":[{"taxonomy":"category","embeddable":true,"href":"https:\/\/elviajero.com.do\/index.php\/wp-json\/wp\/v2\/categories?post=3031"},{"taxonomy":"post_tag","embeddable":true,"href":"https:\/\/elviajero.com.do\/index.php\/wp-json\/wp\/v2\/tags?post=3031"}],"curies":[{"name":"wp","href":"https:\/\/api.w.org\/{rel}","templated":true}]}}