{"id":3044,"date":"2026-01-04T16:00:21","date_gmt":"2026-01-04T20:00:21","guid":{"rendered":"https:\/\/elviajero.com.do\/?p=3044"},"modified":"2026-01-04T16:00:31","modified_gmt":"2026-01-04T20:00:31","slug":"se-reanuda-trafico-aereo-entre-republica-dominicana-y-puerto-rico-tras-suspension-de-vuelos","status":"publish","type":"post","link":"https:\/\/elviajero.com.do\/index.php\/2026\/01\/04\/se-reanuda-trafico-aereo-entre-republica-dominicana-y-puerto-rico-tras-suspension-de-vuelos\/","title":{"rendered":"Se reanuda tr\u00e1fico a\u00e9reo entre Rep\u00fablica Dominicana y Puerto Rico tras suspensi\u00f3n de vuelos"},"content":{"rendered":"<p>&nbsp;<\/p>\n<p data-start=\"97\" data-end=\"205\"><em data-start=\"97\" data-end=\"112\">Rafael Castro<\/em><br data-start=\"112\" data-end=\"115\" \/>Aeropuerto Internacional de Las Am\u00e9ricas (AILA)<br data-start=\"162\" data-end=\"165\" \/>4 de enero de 2026<br data-start=\"183\" data-end=\"186\" \/><strong data-start=\"186\" data-end=\"205\">S<\/strong><strong>anto Domingo-Rep\u00fablica Dominicana<\/strong><\/p>\n<p data-start=\"207\" data-end=\"584\">El tr\u00e1fico a\u00e9reo entre la Rep\u00fablica Dominicana y Puerto Rico, interrumpido el pasado s\u00e1bado tras el cierre temporal de la frontera a\u00e9rea con Estados Unidos, fue reanudado este domingo, permitiendo que cientos de pasajeros que hab\u00edan quedado varados comenzaran a viajar nuevamente hacia la isla desde el Aeropuerto Internacional de Las Am\u00e9ricas Jos\u00e9 Francisco Pe\u00f1a G\u00f3mez (AILA).<\/p>\n<p data-start=\"586\" data-end=\"907\">Desde tempranas horas de este domingo se observ\u00f3 un intenso movimiento de vuelos y pasajeros en la terminal de Las Am\u00e9ricas, muchos de los cuales ten\u00edan sus reservaciones realizadas desde hac\u00eda varias semanas, pero no pudieron salir debido a la repentina cancelaci\u00f3n de los vuelos comerciales hacia San Juan, Puerto Rico.<\/p>\n<p data-start=\"909\" data-end=\"1177\">La empresa Aeropuertos Dominicanos XXI (Aerodom) inform\u00f3 que todas las operaciones a\u00e9reas desde el AILA hacia San Juan se desarrollaban con normalidad, luego de la suspensi\u00f3n de al menos 18 vuelos comerciales que afectaron a varias aerol\u00edneas durante el fin de semana.<\/p>\n<p data-start=\"1179\" data-end=\"1481\">Un ejecutivo de una de las aerol\u00edneas que opera vuelos regulares entre Santo Domingo y San Juan explic\u00f3 que se estaba dando prioridad a los pasajeros que quedaron varados el s\u00e1bado y que hab\u00edan hecho sus reservaciones con antelaci\u00f3n, a fin de normalizar el flujo de viajeros en el menor tiempo posible.<\/p>\n<p data-start=\"1483\" data-end=\"1782\">Los vuelos de JetBlue Airways, Sky High Aviation y Frontier Airlines estaban saliendo repletos de pasajeros, en su mayor\u00eda dominicanos residentes en Puerto Rico y ciudadanos boricuas que se encontraban de vacaciones en la Rep\u00fablica Dominicana con motivo de las festividades navide\u00f1as y de A\u00f1o Nuevo.<\/p>\n<p data-start=\"1784\" data-end=\"2003\">Las aerol\u00edneas recomendaron a sus usuarios mantenerse en contacto con sus representantes o con sus agentes de viajes en el aeropuerto, para facilitar la reprogramaci\u00f3n de los vuelos y poder viajar lo m\u00e1s pronto posible.<\/p>\n<p data-start=\"2005\" data-end=\"2262\">Las cancelaciones afectaron operaciones de JetBlue Airways, Sky High Aviation, Frontier Airlines, provocando que cientos de pasajeros quedaran varados tanto en el AILA como en el Aeropuerto Internacional Luis Mu\u00f1oz Mar\u00edn, en San Juan, Puerto Rico.<\/p>\n<p data-start=\"2264\" data-end=\"2563\">De acuerdo con informaciones obtenidas en la terminal a\u00e9rea, la suspensi\u00f3n de los vuelos obedeci\u00f3 a restricciones operativas y de seguridad vinculadas a la coyuntura geopol\u00edtica regional, tomando en cuenta que Puerto Rico alberga una importante base militar de las Fuerzas Armadas de Estados Unidos.<\/p>\n<p data-start=\"2565\" data-end=\"2808\">En la Rep\u00fablica Dominicana, adem\u00e1s, operan campamentos y aeronaves militares estadounidenses tanto en el AILA como en la Base A\u00e9rea de San Isidro, situaci\u00f3n que ha incrementado los controles y las medidas preventivas en las operaciones a\u00e9reas.<\/p>\n<p data-start=\"2810\" data-end=\"3272\">Entre los pasajeros m\u00e1s afectados figuran numerosos dominicanos residentes en Puerto Rico que viajaron al pa\u00eds para compartir las festividades de Navidad y A\u00f1o Nuevo con sus familiares y que ten\u00edan programado su retorno a la isla el d\u00eda de la suspensi\u00f3n de los vuelos.<\/p>\n<p>Muchos expresaron su preocupaci\u00f3n por la falta de informaci\u00f3n oportuna, as\u00ed como por los gastos adicionales en hospedaje y alimentaci\u00f3n mientras aguardaban la reprogramaci\u00f3n de sus itinerarios.<\/p>\n<p data-start=\"3274\" data-end=\"3523\">Seg\u00fan el registro de operaciones del AILA, JetBlue Airways cancel\u00f3 los vuelos 2537, 2538, 1637, 1638, 1937 y 1938, todos con destino u origen en San Juan (SJU). En tanto, Frontier Airlines suspendi\u00f3 los vuelos 97, 96, 99 y 98 hacia el mismo destino.<\/p>\n<p data-start=\"3525\" data-end=\"3805\">Por su parte, Sky High Aviation cancel\u00f3 varias operaciones regionales, incluyendo los vuelos 956 y 957 hacia Antigua (ANU), 850 y 851 hacia Fort-de-France (FDF), 981 hacia Saint Kitts (SKB) y 861 hacia Pointe-\u00e0-Pitre (PTP), entre otros, de acuerdo con los sistemas aeroportuarios.<\/p>\n<p data-start=\"3807\" data-end=\"4008\" data-is-last-node=\"\" data-is-only-node=\"\">Con la reanudaci\u00f3n de los vuelos, las autoridades aeroportuarias y las aerol\u00edneas conf\u00edan en normalizar por completo el tr\u00e1nsito a\u00e9reo entre la Rep\u00fablica Dominicana y Puerto Rico en las pr\u00f3ximas horas.<\/p>\n<p>&nbsp;<\/p>\n","protected":false},"excerpt":{"rendered":"<p>&nbsp; Rafael CastroAeropuerto Internacional de Las Am\u00e9ricas (AILA)4 de enero de 2026Santo Domingo-Rep\u00fablica Dominicana El&#8230;<\/p>\n","protected":false},"author":3,"featured_media":3045,"comment_status":"open","ping_status":"open","sticky":false,"template":"","format":"standard","meta":{"footnotes":""},"categories":[5],"tags":[],"class_list":["post-3044","post","type-post","status-publish","format-standard","has-post-thumbnail","hentry","category-portada"],"_links":{"self":[{"href":"https:\/\/elviajero.com.do\/index.php\/wp-json\/wp\/v2\/posts\/3044","targetHints":{"allow":["GET"]}}],"collection":[{"href":"https:\/\/elviajero.com.do\/index.php\/wp-json\/wp\/v2\/posts"}],"about":[{"href":"https:\/\/elviajero.com.do\/index.php\/wp-json\/wp\/v2\/types\/post"}],"author":[{"embeddable":true,"href":"https:\/\/elviajero.com.do\/index.php\/wp-json\/wp\/v2\/users\/3"}],"replies":[{"embeddable":true,"href":"https:\/\/elviajero.com.do\/index.php\/wp-json\/wp\/v2\/comments?post=3044"}],"version-history":[{"count":1,"href":"https:\/\/elviajero.com.do\/index.php\/wp-json\/wp\/v2\/posts\/3044\/revisions"}],"predecessor-version":[{"id":3046,"href":"https:\/\/elviajero.com.do\/index.php\/wp-json\/wp\/v2\/posts\/3044\/revisions\/3046"}],"wp:featuredmedia":[{"embeddable":true,"href":"https:\/\/elviajero.com.do\/index.php\/wp-json\/wp\/v2\/media\/3045"}],"wp:attachment":[{"href":"https:\/\/elviajero.com.do\/index.php\/wp-json\/wp\/v2\/media?parent=3044"}],"wp:term":[{"taxonomy":"category","embeddable":true,"href":"https:\/\/elviajero.com.do\/index.php\/wp-json\/wp\/v2\/categories?post=3044"},{"taxonomy":"post_tag","embeddable":true,"href":"https:\/\/elviajero.com.do\/index.php\/wp-json\/wp\/v2\/tags?post=3044"}],"curies":[{"name":"wp","href":"https:\/\/api.w.org\/{rel}","templated":true}]}}