{"id":3047,"date":"2026-01-04T16:19:04","date_gmt":"2026-01-04T20:19:04","guid":{"rendered":"https:\/\/elviajero.com.do\/?p=3047"},"modified":"2026-01-04T16:19:04","modified_gmt":"2026-01-04T20:19:04","slug":"concepto-y-clasificacion-de-las-garantias","status":"publish","type":"post","link":"https:\/\/elviajero.com.do\/index.php\/2026\/01\/04\/concepto-y-clasificacion-de-las-garantias\/","title":{"rendered":"Concepto y clasificaci\u00f3n de las garant\u00edas"},"content":{"rendered":"<p>&nbsp;<\/p>\n<p>&nbsp;<\/p>\n<p>Opini\u00f3n<\/p>\n<p><strong>Concepto y clasificaci\u00f3n de las garant\u00edas<\/strong><\/p>\n<p>Por Jos\u00e9 Alejandro Vargas<\/p>\n<p>En el lenguaje com\u00fan se habla de \u00abgarant\u00edas\u00bb de derechos de una forma por lo general gen\u00e9rica e imprecisa. Se dice, por ejemplo, que cierto derecho est\u00e1 \u00abgarantizado\u00bb por la Constituci\u00f3n desde el momento en que dicho derecho ha sido proclamado, con m\u00e1s o menos solemnes palabras, en un texto constitucional (Riccardo Guastini).<\/p>\n<p>Las \u00abgarant\u00edas\u00bb constituyen los medios generales que la t\u00e9cnica jur\u00eddica moderna ha desarrollado con relaci\u00f3n a la regularidad de los actos estatales en general. Las garant\u00edas son preventivas o represivas, personales u objetivas (Hans Kelsen).<\/p>\n<p>De acuerdo con el Diccionario Panhisp\u00e1nico del espa\u00f1ol jur\u00eddico las garant\u00edas de derechos fundamentales son \u00abel conjunto de garant\u00edas normativas, judiciales e institucionales, establecidas en la Constituci\u00f3n u otras normas para asegurar la protecci\u00f3n de los derechos fundamentales, su pleno disfrute y ejercicio\u00bb.<\/p>\n<p>Una garant\u00eda es una protecci\u00f3n. Las garant\u00edas de los derechos constitucionales son protecciones de los derechos de los ciudadanos contra el Estado: equivalen a \u00abbarreras\u00bb interpuestas entre el poder estatal y la libertad de los ciudadanos. Para Fix-Zamudio, las \u00abgarant\u00edas constitucionales\u00bb son los medios utilizados \u2026\u00bb cuando el orden constitucional es desconocido o violado, con el objeto de restaurarlo\u00bb pero que no tienen un car\u00e1cter solamente conservador (en el sentido de conservar la vigencia de un derecho) sino que \u2026 \u00abtambi\u00e9n implican el desarrollo din\u00e1mico de la normatividad constitucional para amoldarla a los cambios de la realidad y al mismo tiempo para modificar dicha realidad, a fin de hacer efectivas las disposiciones de principio o program\u00e1ticos de la Ley fundamental\u00bb.<\/p>\n<p>En los t\u00e9rminos del art\u00edculo 184 de la Carta Sustantiva, el Tribunal Constitucional tiene por funci\u00f3n \u00abgarantizar la supremac\u00eda de la Constituci\u00f3n\u00bb, a trav\u00e9s de lo que Kelsen denomina \u00abmedios generales que la t\u00e9cnica jur\u00eddica ha desarrollado con relaci\u00f3n a la regularidad de los actos estatales en general\u00bb. De acuerdo con esto, las garant\u00edas constitucionales deb\u00edan considerarse como los medios generales que la t\u00e9cnica moderna hab\u00eda desarrollado en relaci\u00f3n con la regularidad de los actos estatales en general, y que separ\u00f3 en dos sectores: a) preventivas o represivas, y b) personales u objetivas.<\/p>\n<p>Entre las primeras, la anulaci\u00f3n del acto inconstitucional, inclusive de car\u00e1cter legislativo (pero en este \u00faltimo supuesto la anulaci\u00f3n deb\u00eda tener efectos generales o erga omnes), era la que representaba la garant\u00eda principal, aun cuando tambi\u00e9n eran posibles las de car\u00e1cter represivo, tales como la responsabilidad constitucional (pol\u00edtica) y la civil de los \u00f3rganos que realizaran actos irregulares. A juicio de Kelsen, la funci\u00f3n de anular los actos y las normas generales de car\u00e1cter irregular emitidos por los \u00f3rganos gubernamentales deb\u00eda corresponder a un organismo jurisdiccional, cuya actividad pod\u00eda considerarse como de car\u00e1cter legislativo negativo.<\/p>\n<p>En otras palabras: Las garant\u00edas preventivas tienden a prevenir la realizaci\u00f3n de actos irregulares. Las garant\u00edas represivas (la responsabilidad constitucional y la responsabilidad civil de los \u00f3rganos que realizan actos irregulares) reaccionan contra el acto irregular una vez realizado, tienden a impedir la reincidencia en el futuro, a reparar el da\u00f1o que se ha causado, a hacerlo desaparecer y eventualmente, a reemplazarlo por un acto regular.<\/p>\n<p>Los dos elementos pueden naturalmente, estar unidos en una sola y misma medida de garant\u00eda.<\/p>\n<p>Entre las posibles garant\u00edas puramente preventivas debe ser considerada, ante todo, la organizaci\u00f3n en forma de tribunal de la autoridad que crea el Derecho, es decir, garantizando la independencia del \u00f3rgano \u2014por ejemplo, por medio de la inamovilidad\u2014, independencia que consiste en que no se puede ser jur\u00eddicamente obligado en el ejercicio de sus funciones, por ninguna norma individual (orden) de otro \u00f3rgano y, en especial, de un \u00f3rgano superior o perteneciente a otro grupo de autoridades. No est\u00e1 ligado, por consecuencia, m\u00e1s que a las normas generales, esencialmente a las leyes y a los reglamentos legales. El poder acordado al tribunal de controlar las leyes y los reglamentos es otra cuesti\u00f3n.<\/p>\n<p>Las garant\u00edas personales objetivas, que tienen al mismo tiempo un car\u00e1cter represivo acentuado, son la nulidad o anulabilidad del acto irregular. La nulidad significa que un acto que pretende ser acto jur\u00eddico y, en especial un acto estatal, no es tal objetivamente porque es irregular, es decir, no responde a las condiciones que prescribe una norma jur\u00eddica de grado superior (Carlos A. Ghersi). Al acto nulo le falta de antemano el car\u00e1cter de jur\u00eddico, de manera que no es necesario para retirarle su cualidad usurpada de acto jur\u00eddico, otro acto jur\u00eddico. Por el contrario, si un nuevo acto fuera necesario se estar\u00e1 en presencia no de una nulidad, sino de una anulabilidad.<\/p>\n<p>MIRA TAMBI\u00c9N<\/p>\n<p>Una segunda clasificaci\u00f3n de las garant\u00edas las divide en: garant\u00edas nacionales (gen\u00e9ricas y espec\u00edficas, y estas a su vez en normativas, institucionales y jurisdiccionales) e internacionales; primarias y secundarias. Asimismo, se habla en la doctrina de garant\u00edas de control y fiscalizaci\u00f3n; de interpretaci\u00f3n, institucionales y de garant\u00edas jurisdiccionales \u2013dentro de las que cabe dividir garant\u00edas provistas por el juez ordinario y las provistas por cortes o tribunales especiales, en este caso la Corte Interamericana de Derechos Humanos<\/p>\n","protected":false},"excerpt":{"rendered":"<p>&nbsp; &nbsp; Opini\u00f3n Concepto y clasificaci\u00f3n de las garant\u00edas Por Jos\u00e9 Alejandro Vargas En el&#8230;<\/p>\n","protected":false},"author":3,"featured_media":3048,"comment_status":"open","ping_status":"open","sticky":false,"template":"","format":"standard","meta":{"footnotes":""},"categories":[7],"tags":[],"class_list":["post-3047","post","type-post","status-publish","format-standard","has-post-thumbnail","hentry","category-opiniones"],"_links":{"self":[{"href":"https:\/\/elviajero.com.do\/index.php\/wp-json\/wp\/v2\/posts\/3047","targetHints":{"allow":["GET"]}}],"collection":[{"href":"https:\/\/elviajero.com.do\/index.php\/wp-json\/wp\/v2\/posts"}],"about":[{"href":"https:\/\/elviajero.com.do\/index.php\/wp-json\/wp\/v2\/types\/post"}],"author":[{"embeddable":true,"href":"https:\/\/elviajero.com.do\/index.php\/wp-json\/wp\/v2\/users\/3"}],"replies":[{"embeddable":true,"href":"https:\/\/elviajero.com.do\/index.php\/wp-json\/wp\/v2\/comments?post=3047"}],"version-history":[{"count":1,"href":"https:\/\/elviajero.com.do\/index.php\/wp-json\/wp\/v2\/posts\/3047\/revisions"}],"predecessor-version":[{"id":3049,"href":"https:\/\/elviajero.com.do\/index.php\/wp-json\/wp\/v2\/posts\/3047\/revisions\/3049"}],"wp:featuredmedia":[{"embeddable":true,"href":"https:\/\/elviajero.com.do\/index.php\/wp-json\/wp\/v2\/media\/3048"}],"wp:attachment":[{"href":"https:\/\/elviajero.com.do\/index.php\/wp-json\/wp\/v2\/media?parent=3047"}],"wp:term":[{"taxonomy":"category","embeddable":true,"href":"https:\/\/elviajero.com.do\/index.php\/wp-json\/wp\/v2\/categories?post=3047"},{"taxonomy":"post_tag","embeddable":true,"href":"https:\/\/elviajero.com.do\/index.php\/wp-json\/wp\/v2\/tags?post=3047"}],"curies":[{"name":"wp","href":"https:\/\/api.w.org\/{rel}","templated":true}]}}