{"id":3064,"date":"2026-01-05T14:05:48","date_gmt":"2026-01-05T18:05:48","guid":{"rendered":"https:\/\/elviajero.com.do\/?p=3064"},"modified":"2026-01-05T14:05:55","modified_gmt":"2026-01-05T18:05:55","slug":"migracion-deporto-mas-de-380-mil-extranjeros-irregulares-en-2025-y-proyecta-superar-la-cifra-en-2026","status":"publish","type":"post","link":"https:\/\/elviajero.com.do\/index.php\/2026\/01\/05\/migracion-deporto-mas-de-380-mil-extranjeros-irregulares-en-2025-y-proyecta-superar-la-cifra-en-2026\/","title":{"rendered":"Migraci\u00f3n deport\u00f3 m\u00e1s de 380 mil extranjeros irregulares en 2025 y proyecta superar la cifra en 2026"},"content":{"rendered":"<p data-start=\"106\" data-end=\"445\"><em>Pedernales, RD.<\/em>\u2014<\/p>\n<p>El director general \u00a0Migraci\u00f3n (DGM) , vicealmirante <strong data-start=\"501\" data-end=\"530\">Luis Rafael Lee Ballester<\/strong>, declar\u00f3 que el organismo deport\u00f3 durante el a\u00f1o 2025 a m\u00e1s de 380 mil extranjeros en condici\u00f3n migratoria irregular, en su mayor\u00eda ciudadanos haitianos.<\/p>\n<p>En ese mismo, orden, Ballester asegur\u00f3 que para este a\u00f1o 2026 migraci\u00f3n \u00a0se propone superar ese n\u00famero en el transcurso de este a\u00f1o como parte del fortalecimiento de las pol\u00edticas de control y ordenamiento migratorio del pa\u00eds.<\/p>\n<p data-start=\"447\" data-end=\"816\">El funcionario hizo su aseveraci\u00f3n en el marco de un recorrido de alistamiento, supervisi\u00f3n y coordinaci\u00f3n realizado en la zona fronteriza de Pedernales, donde precis\u00f3 que solo en el pasado a\u00f1o la instituci\u00f3n repatri\u00f3 a m\u00e1s de 300 mil haitianos que se encontraban en territorio dominicano sin el estatus legal correspondiente.<\/p>\n<p data-start=\"818\" data-end=\"1347\">Lee Ballester explic\u00f3 que la DGM act\u00faa en estricto cumplimiento de las disposiciones del presidente <strong data-start=\"918\" data-end=\"935\">Luis Abinader<\/strong>, enmarcadas en un plan de <strong data-start=\"962\" data-end=\"975\">15 puntos<\/strong> orientado a mejorar la regularizaci\u00f3n de la inmigraci\u00f3n, reforzar los controles fronterizos y modernizar los procesos institucionales.<\/p>\n<p>\u00a0Entre estas medidas cit\u00f3 la implementaci\u00f3n de un <strong data-start=\"1160\" data-end=\"1195\">sistema automatizado biom\u00e9trico<\/strong>, la habilitaci\u00f3n de <strong data-start=\"1216\" data-end=\"1238\">centros de acogida<\/strong> y la ampliaci\u00f3n del personal y los recursos log\u00edsticos para garantizar una gesti\u00f3n migratoria m\u00e1s eficiente.<\/p>\n<p data-start=\"1349\" data-end=\"1704\">Durante su intervenci\u00f3n, el funcionario destac\u00f3 que la entidad cuenta con un registro detallado de <strong data-start=\"1448\" data-end=\"1495\">m\u00e1s de siete millones de entradas y salidas<\/strong> de personas de distintas nacionalidades, incluyendo cruceristas y viajeros en tr\u00e1nsito por la Rep\u00fablica Dominicana, lo que \u2014seg\u00fan dijo\u2014 constituye una garant\u00eda del control migratorio que se ejerce en el pa\u00eds.<\/p>\n<p data-start=\"1706\" data-end=\"1964\">El director de Migraci\u00f3n aprovech\u00f3 la visita para <strong data-start=\"1756\" data-end=\"1812\">felicitar a los agentes migratorios por el A\u00f1o Nuevo<\/strong> y exhortarlos a continuar trabajando con firmeza y apego a la ley, resaltando la labor que realizan \u201cen favor de la patria y de la seguridad nacional\u201d.<\/p>\n<p data-start=\"1966\" data-end=\"2227\">El recorrido fue realizado junto al reci\u00e9n designado jefe de la <strong data-start=\"2030\" data-end=\"2072\">5.\u00aa Brigada de Infanter\u00eda del Ej\u00e9rcito<\/strong>, general <strong data-start=\"2082\" data-end=\"2100\">Freddy Thorman<\/strong>; la gobernadora provincial <strong data-start=\"2128\" data-end=\"2149\">Edith D\u2019Oleo Pe\u00f1a<\/strong>, as\u00ed como otros altos oficiales y autoridades civiles y militares de la zona.<\/p>\n<p data-start=\"2229\" data-end=\"2583\">Como parte de la agenda, Lee Ballester sostuvo intercambios con <strong data-start=\"2293\" data-end=\"2333\">pescadores del malec\u00f3n de Pedernales<\/strong>, donde supervis\u00f3 las transacciones de mariscos y pescados, en coordinaci\u00f3n con Migraci\u00f3n, Aduanas, la Armada Dominicana, el Ej\u00e9rcito, Politur, la Polic\u00eda Nacional y el ayuntamiento local, a fin de asegurar el cumplimiento de las normativas vigentes.<\/p>\n<p data-start=\"2585\" data-end=\"2896\" data-is-last-node=\"\" data-is-only-node=\"\">Asimismo, inspeccion\u00f3 la <strong data-start=\"2610\" data-end=\"2655\">Puerta de Intercambio Comercial con Hait\u00ed<\/strong>, que opera los lunes y viernes, y visit\u00f3 las instalaciones de la <strong data-start=\"2721\" data-end=\"2769\">Armada Dominicana, el Cesfront y el Ej\u00e9rcito<\/strong>, donde coordin\u00f3 acciones conjuntas para reforzar las medidas de control migratorio y la seguridad en la frontera sur del pa\u00eds.<\/p>\n<p>&nbsp;<\/p>\n","protected":false},"excerpt":{"rendered":"<p>Pedernales, RD.\u2014 El director general \u00a0Migraci\u00f3n (DGM) , vicealmirante Luis Rafael Lee Ballester, declar\u00f3 que&#8230;<\/p>\n","protected":false},"author":3,"featured_media":3065,"comment_status":"open","ping_status":"open","sticky":false,"template":"","format":"standard","meta":{"footnotes":""},"categories":[5],"tags":[],"class_list":["post-3064","post","type-post","status-publish","format-standard","has-post-thumbnail","hentry","category-portada"],"_links":{"self":[{"href":"https:\/\/elviajero.com.do\/index.php\/wp-json\/wp\/v2\/posts\/3064","targetHints":{"allow":["GET"]}}],"collection":[{"href":"https:\/\/elviajero.com.do\/index.php\/wp-json\/wp\/v2\/posts"}],"about":[{"href":"https:\/\/elviajero.com.do\/index.php\/wp-json\/wp\/v2\/types\/post"}],"author":[{"embeddable":true,"href":"https:\/\/elviajero.com.do\/index.php\/wp-json\/wp\/v2\/users\/3"}],"replies":[{"embeddable":true,"href":"https:\/\/elviajero.com.do\/index.php\/wp-json\/wp\/v2\/comments?post=3064"}],"version-history":[{"count":1,"href":"https:\/\/elviajero.com.do\/index.php\/wp-json\/wp\/v2\/posts\/3064\/revisions"}],"predecessor-version":[{"id":3066,"href":"https:\/\/elviajero.com.do\/index.php\/wp-json\/wp\/v2\/posts\/3064\/revisions\/3066"}],"wp:featuredmedia":[{"embeddable":true,"href":"https:\/\/elviajero.com.do\/index.php\/wp-json\/wp\/v2\/media\/3065"}],"wp:attachment":[{"href":"https:\/\/elviajero.com.do\/index.php\/wp-json\/wp\/v2\/media?parent=3064"}],"wp:term":[{"taxonomy":"category","embeddable":true,"href":"https:\/\/elviajero.com.do\/index.php\/wp-json\/wp\/v2\/categories?post=3064"},{"taxonomy":"post_tag","embeddable":true,"href":"https:\/\/elviajero.com.do\/index.php\/wp-json\/wp\/v2\/tags?post=3064"}],"curies":[{"name":"wp","href":"https:\/\/api.w.org\/{rel}","templated":true}]}}