{"id":3083,"date":"2026-01-06T16:59:39","date_gmt":"2026-01-06T20:59:39","guid":{"rendered":"https:\/\/elviajero.com.do\/?p=3083"},"modified":"2026-01-06T16:59:39","modified_gmt":"2026-01-06T20:59:39","slug":"el-presidente-abinader-introduce-cambios-agricultura-mujer-e-impuestos-internos","status":"publish","type":"post","link":"https:\/\/elviajero.com.do\/index.php\/2026\/01\/06\/el-presidente-abinader-introduce-cambios-agricultura-mujer-e-impuestos-internos\/","title":{"rendered":"\u00a0El presidente Abinader introduce cambios Agricultura, Mujer e Impuestos Internos"},"content":{"rendered":"<p>El <strong>presidente Luis Abinader <\/strong>realiz\u00f3 cambios en el tren gubernamental que incluyen\u00a0los ministerios de Agricultura, de la Mujer y las direcciones de Impuestos Internos y S\u00faperate.<\/p>\n<p>A trav\u00e9s del decreto 2-26, divulgado este martes, Abinader destituy\u00f3 a Limber Cruz como ministro de Agricultura y design\u00f3 en su lugar a<strong> Francisco Oliverio Espaillat Bencosme<\/strong>.<\/p>\n<p><strong>Gloria Reyes<\/strong> qued\u00f3 designada ministra de la Mujer, mientras que <strong>Mayra Jim\u00e9nez<\/strong> (la entonces incumbente) fue designada como directora de Sup\u00e9rate.<\/p>\n<p>Abinader tambien destituy\u00f3 a Francisco \"Tony\" Pe\u00f1a Guaba de la direcci\u00f3n de Politicas Sociales y en su lugar design\u00f3 a\u00a0<strong>Geanilda V\u00e1squez.<\/strong><\/p>\n<p>Lo mismo ocurri\u00f3 con <strong>Luis Valdez Veras<\/strong>, quien sali\u00f3 de la Direcci\u00f3n General de Impuestos Internos (DGII). En su lugar, Abinader desgin\u00f3 a Pedro Urritia Sangiovanni.<\/p>\n<p>\"Iniciamos una nueva etapa de nuestro gobierno, con el que aspiramos a dejar una transformaci\u00f3n que traiga consigo un mejor futuro y una mejor calidad de vida para todos los dominicanos, para la cual he tomado la decisi\u00f3n de realizar cambios en el tren gubernamental, por lo que el pa\u00eds ver\u00e1 esta semana nuevas designaciones, rotaciones y ratificaciones de los funcionarios que me acompa\u00f1an\", escribi\u00f3 el presidente Abinader en su comunicado a la sociedad, que fue publicado en su cuenta en la red social X.<\/p>\n<p>Y agreg\u00f3: \"En el d\u00eda de ayer comenzamos con dos designaciones: El Dr. Jorge Subero Isa, ha sido nombrado Consultor Jur\u00eddico del Poder Ejecutivo y el Dr. Antoliano Peralta, quien ocupaba ese cargo, pasar\u00e1 a ser Ministro de Justicia\".<\/p>\n<p>Estos son los primeros movimientos del a\u00f1o que ha realizado el jefe del Estado en su tren gubernamental, como parte de su segundo per\u00edodo presidencial.<\/p>\n<p>Abinader comenz\u00f3 a sacudir su gobierno con la designaci\u00f3n de Antoliano Peralta como ministro de Justicia, una instituci\u00f3n cuya ley fue promulgada en agosto de 2025 y que todav\u00eda tiene una sede.<\/p>\n<p>La normativa establece un \u201cvacatio legis\u201d distinto al habitual. Seg\u00fan el art\u00edculo 66, la instituci\u00f3n deber\u00e1 entrar en funcionamiento en un plazo m\u00e1ximo de 12 meses despu\u00e9s de la designaci\u00f3n del ministro.<\/p>\n<p>Ese primer movimiento, tambi\u00e9n incluye a Jorge Subero Isa, quien fue designado consultor jur\u00eddico del Poder Ejecutivo.<\/p>\n<p>Ambos fueron juramentados este martes por el presidente Abinader en un acto celebrado en el Palacio Nacional.<\/p>\n<p>&nbsp;<\/p>\n","protected":false},"excerpt":{"rendered":"<p>El presidente Luis Abinader realiz\u00f3 cambios en el tren gubernamental que incluyen\u00a0los ministerios de Agricultura,&#8230;<\/p>\n","protected":false},"author":3,"featured_media":3084,"comment_status":"open","ping_status":"open","sticky":false,"template":"","format":"standard","meta":{"footnotes":""},"categories":[5],"tags":[],"class_list":["post-3083","post","type-post","status-publish","format-standard","has-post-thumbnail","hentry","category-portada"],"_links":{"self":[{"href":"https:\/\/elviajero.com.do\/index.php\/wp-json\/wp\/v2\/posts\/3083","targetHints":{"allow":["GET"]}}],"collection":[{"href":"https:\/\/elviajero.com.do\/index.php\/wp-json\/wp\/v2\/posts"}],"about":[{"href":"https:\/\/elviajero.com.do\/index.php\/wp-json\/wp\/v2\/types\/post"}],"author":[{"embeddable":true,"href":"https:\/\/elviajero.com.do\/index.php\/wp-json\/wp\/v2\/users\/3"}],"replies":[{"embeddable":true,"href":"https:\/\/elviajero.com.do\/index.php\/wp-json\/wp\/v2\/comments?post=3083"}],"version-history":[{"count":1,"href":"https:\/\/elviajero.com.do\/index.php\/wp-json\/wp\/v2\/posts\/3083\/revisions"}],"predecessor-version":[{"id":3085,"href":"https:\/\/elviajero.com.do\/index.php\/wp-json\/wp\/v2\/posts\/3083\/revisions\/3085"}],"wp:featuredmedia":[{"embeddable":true,"href":"https:\/\/elviajero.com.do\/index.php\/wp-json\/wp\/v2\/media\/3084"}],"wp:attachment":[{"href":"https:\/\/elviajero.com.do\/index.php\/wp-json\/wp\/v2\/media?parent=3083"}],"wp:term":[{"taxonomy":"category","embeddable":true,"href":"https:\/\/elviajero.com.do\/index.php\/wp-json\/wp\/v2\/categories?post=3083"},{"taxonomy":"post_tag","embeddable":true,"href":"https:\/\/elviajero.com.do\/index.php\/wp-json\/wp\/v2\/tags?post=3083"}],"curies":[{"name":"wp","href":"https:\/\/api.w.org\/{rel}","templated":true}]}}