{"id":3088,"date":"2026-01-06T18:50:50","date_gmt":"2026-01-06T22:50:50","guid":{"rendered":"https:\/\/elviajero.com.do\/?p=3088"},"modified":"2026-01-06T18:50:59","modified_gmt":"2026-01-06T22:50:59","slug":"abinader-reconfigura-su-gabinete-con-nuevos-nombramientos-en-areas-clave","status":"publish","type":"post","link":"https:\/\/elviajero.com.do\/index.php\/2026\/01\/06\/abinader-reconfigura-su-gabinete-con-nuevos-nombramientos-en-areas-clave\/","title":{"rendered":"Abinader reconfigura su gabinete con nuevos nombramientos en \u00e1reas clave"},"content":{"rendered":"<p>&nbsp;<\/p>\n<p data-start=\"207\" data-end=\"566\">Santo Domingo.\u2013<\/p>\n<p>El presidente de la Rep\u00fablica, Luis Abinader, dispuso este martes una nueva reconfiguraci\u00f3n del tren gubernamental mediante el <strong data-start=\"350\" data-end=\"371\">Decreto n\u00fam. 3-26<\/strong>, con el que introduce cambios estrat\u00e9gicos en su gabinete, apostando al fortalecimiento de sectores vinculados al crecimiento econ\u00f3mico, el comercio exterior y la pol\u00edtica habitacional del pa\u00eds.<\/p>\n<p data-start=\"568\" data-end=\"945\">Mediante la disposici\u00f3n presidencial fueron designados <strong data-start=\"623\" data-end=\"654\">Eduardo \u201cYayo\u201d Sanz Lovat\u00f3n<\/strong> como nuevo ministro de <strong data-start=\"678\" data-end=\"711\">Industria, Comercio y Mipymes<\/strong>; <strong data-start=\"713\" data-end=\"730\">Nelson Arroyo<\/strong> como <strong data-start=\"736\" data-end=\"767\">director general de Aduanas<\/strong>; y <strong data-start=\"771\" data-end=\"794\">V\u00edctor \u201cIto\u201d Bison\u00f3<\/strong> como <strong data-start=\"800\" data-end=\"841\">ministro de Viviendas y Edificaciones<\/strong>, en una movida que busca dinamizar la gesti\u00f3n p\u00fablica y dar continuidad a las prioridades del Gobierno.<\/p>\n<p data-start=\"947\" data-end=\"1223\">De acuerdo con una nota de prensa de la Presidencia, los nombramientos responden a la necesidad de reforzar \u00e1reas estrat\u00e9gicas del Estado, en un contexto marcado por los retos econ\u00f3micos, la competitividad comercial y la demanda de soluciones habitacionales para la poblaci\u00f3n.<\/p>\n<p data-start=\"1225\" data-end=\"1751\">Eduardo \u201cYayo\u201d Sanz Lovat\u00f3n, quien asume la cartera de Industria, Comercio y Mipymes, se desempe\u00f1\u00f3 desde agosto de 2020 como <strong data-start=\"1350\" data-end=\"1381\">director general de Aduanas<\/strong>, posici\u00f3n desde la cual encabez\u00f3 importantes procesos de modernizaci\u00f3n y fortalecimiento institucional.<\/p>\n<p>\u00a0En el plano pol\u00edtico, es uno de los <strong data-start=\"1522\" data-end=\"1577\">fundadores del Partido Revolucionario Moderno (PRM)<\/strong>, funge como su <strong data-start=\"1593\" data-end=\"1628\">secretario nacional de Finanzas<\/strong>, es miembro de la <strong data-start=\"1647\" data-end=\"1670\">Direcci\u00f3n Ejecutiva<\/strong> y fue <strong data-start=\"1677\" data-end=\"1750\">director pol\u00edtico de la campa\u00f1a presidencial de Luis Abinader en 2020<\/strong>.<\/p>\n<p data-start=\"1753\" data-end=\"2209\">Sanz Lovat\u00f3n es <strong data-start=\"1769\" data-end=\"1780\">abogado<\/strong>, egresado de la <strong data-start=\"1797\" data-end=\"1856\">Pontificia Universidad Cat\u00f3lica Madre y Maestra (PUCMM)<\/strong>, y posee una <strong data-start=\"1870\" data-end=\"1907\">maestr\u00eda en Derecho Internacional<\/strong> del Centro de Estudios Estrat\u00e9gicos de Par\u00eds.<\/p>\n<p>\u00a0Adem\u00e1s, cuenta con una amplia trayectoria acad\u00e9mica como <strong data-start=\"2011\" data-end=\"2063\">profesor universitario en la PUCMM, APEC y UNIBE<\/strong>, entre 2003 y 2016, y experiencia en el ejercicio privado del derecho como <strong data-start=\"2139\" data-end=\"2185\">socio gerente de la firma Staff Legal, SRL<\/strong>, desde 2004 hasta 2020.<\/p>\n<p data-start=\"2211\" data-end=\"2670\">En tanto, <strong data-start=\"2221\" data-end=\"2238\">Nelson Arroyo<\/strong>, designado como nuevo <strong data-start=\"2261\" data-end=\"2292\">director general de Aduanas<\/strong>, se desempe\u00f1\u00f3 durante el per\u00edodo <strong data-start=\"2326\" data-end=\"2416\">2020\u20132024 como presidente del Instituto Dominicano de las Telecomunicaciones (Indotel)<\/strong>, cargo que ocup\u00f3 hasta su reciente sustituci\u00f3n.<\/p>\n<p>\u00a0Arroyo es oriundo del municipio de <strong data-start=\"2500\" data-end=\"2529\">Moca, provincia Espaillat<\/strong>, y asume ahora el reto de continuar los esfuerzos de eficiencia, control y facilitaci\u00f3n del comercio exterior en la instituci\u00f3n recaudadora.<\/p>\n<p>Por su parte, <strong data-start=\"2686\" data-end=\"2709\">V\u00edctor \u201cIto\u201d Bison\u00f3<\/strong> pasa a encabezar el <strong data-start=\"2730\" data-end=\"2773\">Ministerio de Viviendas y Edificaciones<\/strong>, una de las \u00e1reas prioritarias del Gobierno en materia de desarrollo social e infraestructura, con \u00e9nfasis en la construcci\u00f3n de viviendas dignas y obras p\u00fablicas de impacto comunitario.<\/p>\n<p data-start=\"2962\" data-end=\"3252\" data-is-last-node=\"\" data-is-only-node=\"\">Con esta nueva reconfiguraci\u00f3n, el presidente Abinader reafirma su apuesta por ajustar el equipo gubernamental en funci\u00f3n de los objetivos trazados para la gesti\u00f3n, buscando mayor efectividad en la administraci\u00f3n p\u00fablica y resultados concretos en sectores clave para el desarrollo nacional.<\/p>\n<p>&nbsp;<\/p>\n","protected":false},"excerpt":{"rendered":"<p>&nbsp; Santo Domingo.\u2013 El presidente de la Rep\u00fablica, Luis Abinader, dispuso este martes una nueva&#8230;<\/p>\n","protected":false},"author":3,"featured_media":3089,"comment_status":"open","ping_status":"open","sticky":false,"template":"","format":"standard","meta":{"footnotes":""},"categories":[5],"tags":[],"class_list":["post-3088","post","type-post","status-publish","format-standard","has-post-thumbnail","hentry","category-portada"],"_links":{"self":[{"href":"https:\/\/elviajero.com.do\/index.php\/wp-json\/wp\/v2\/posts\/3088","targetHints":{"allow":["GET"]}}],"collection":[{"href":"https:\/\/elviajero.com.do\/index.php\/wp-json\/wp\/v2\/posts"}],"about":[{"href":"https:\/\/elviajero.com.do\/index.php\/wp-json\/wp\/v2\/types\/post"}],"author":[{"embeddable":true,"href":"https:\/\/elviajero.com.do\/index.php\/wp-json\/wp\/v2\/users\/3"}],"replies":[{"embeddable":true,"href":"https:\/\/elviajero.com.do\/index.php\/wp-json\/wp\/v2\/comments?post=3088"}],"version-history":[{"count":1,"href":"https:\/\/elviajero.com.do\/index.php\/wp-json\/wp\/v2\/posts\/3088\/revisions"}],"predecessor-version":[{"id":3090,"href":"https:\/\/elviajero.com.do\/index.php\/wp-json\/wp\/v2\/posts\/3088\/revisions\/3090"}],"wp:featuredmedia":[{"embeddable":true,"href":"https:\/\/elviajero.com.do\/index.php\/wp-json\/wp\/v2\/media\/3089"}],"wp:attachment":[{"href":"https:\/\/elviajero.com.do\/index.php\/wp-json\/wp\/v2\/media?parent=3088"}],"wp:term":[{"taxonomy":"category","embeddable":true,"href":"https:\/\/elviajero.com.do\/index.php\/wp-json\/wp\/v2\/categories?post=3088"},{"taxonomy":"post_tag","embeddable":true,"href":"https:\/\/elviajero.com.do\/index.php\/wp-json\/wp\/v2\/tags?post=3088"}],"curies":[{"name":"wp","href":"https:\/\/api.w.org\/{rel}","templated":true}]}}