{"id":3095,"date":"2026-01-07T14:05:57","date_gmt":"2026-01-07T18:05:57","guid":{"rendered":"https:\/\/elviajero.com.do\/?p=3095"},"modified":"2026-01-07T16:16:02","modified_gmt":"2026-01-07T20:16:02","slug":"crecen-las-quejas-contra-arajet-por-deficiencias-en-el-servicio","status":"publish","type":"post","link":"https:\/\/elviajero.com.do\/index.php\/2026\/01\/07\/crecen-las-quejas-contra-arajet-por-deficiencias-en-el-servicio\/","title":{"rendered":"Quejas contra aerol\u00ednea Arajet por deficiencias en el servicio"},"content":{"rendered":"<p>Rafael Castro\u00a0 \u00a07 de enero 2026<\/p>\n<p data-start=\"73\" data-end=\"344\">Santo Domingo.\u2013<\/p>\n<p>\u00a0Una ola de quejas se ha desatado en contra de la aerol\u00ednea Arajet por el servicio que ofrece en sus vuelos, seg\u00fan denunciaron pasajeros consultados en el Aeropuerto Internacional de Las Am\u00e9ricas (AILA) y a trav\u00e9s de diversas plataformas de redes sociales.<\/p>\n<p data-start=\"346\" data-end=\"762\">Los viajeros aseguran que en los \u00faltimos meses la calidad del servicio ha registrado un notable deterioro, tanto en la atenci\u00f3n al cliente como en la operaci\u00f3n de los vuelos.<\/p>\n<p>\u00a0Entre las principales denuncias figuran retrasos frecuentes sin explicaciones claras, falta de informaci\u00f3n oportuna por parte del personal, deficiencias en la asistencia a los pasajeros y constantes inconvenientes con el manejo del equipaje.<\/p>\n<p data-start=\"764\" data-end=\"1137\">De acuerdo con testimonios recogidos en la terminal a\u00e9rea, muchos usuarios afirmaron sentirse desorientados y desatendidos ante cambios en los itinerarios o demoras prolongadas, lo que genera molestias adicionales, p\u00e9rdidas de conexiones y gastos imprevistos.<\/p>\n<p>\u00a0Algunos pasajeros se\u00f1alaron que, ante cualquier reclamo, la respuesta del personal resulta insuficiente o tard\u00eda.<\/p>\n<p data-start=\"1139\" data-end=\"1518\">Las inconformidades tambi\u00e9n se han hecho sentir con fuerza en las redes sociales, donde decenas de usuarios han compartido experiencias negativas y han calificado el servicio de la aerol\u00ednea como \u201cdeficiente\u201d y \u201cpoco confiable\u201d.<\/p>\n<p>\u00a0Varias publicaciones coinciden en que el trato al pasajero y la puntualidad ya no cumplen con las expectativas creadas por la compa\u00f1\u00eda en sus inicios.<\/p>\n<p data-start=\"1520\" data-end=\"1761\">\u201cAntes el servicio era aceptable, pero ahora ha ca\u00eddo inmensamente\u201d, expres\u00f3 uno de los pasajeros consultados en el AILA, quien asegur\u00f3 que esta ser\u00eda su \u00faltima experiencia con Arajet debido a los inconvenientes enfrentados durante su viaje.<\/p>\n<p data-start=\"1763\" data-end=\"2001\" data-is-last-node=\"\" data-is-only-node=\"\">Hasta el momento, la aerol\u00ednea no ha ofrecido una respuesta oficial ante las reiteradas quejas, mientras crece el descontento entre los usuarios que demandan mejoras urgentes en la calidad del servicio y una mayor atenci\u00f3n a sus reclamos.<\/p>\n<p>&nbsp;<\/p>\n","protected":false},"excerpt":{"rendered":"<p>Rafael Castro\u00a0 \u00a07 de enero 2026 Santo Domingo.\u2013 \u00a0Una ola de quejas se ha desatado&#8230;<\/p>\n","protected":false},"author":3,"featured_media":3096,"comment_status":"open","ping_status":"open","sticky":false,"template":"","format":"standard","meta":{"footnotes":""},"categories":[5],"tags":[],"class_list":["post-3095","post","type-post","status-publish","format-standard","has-post-thumbnail","hentry","category-portada"],"_links":{"self":[{"href":"https:\/\/elviajero.com.do\/index.php\/wp-json\/wp\/v2\/posts\/3095","targetHints":{"allow":["GET"]}}],"collection":[{"href":"https:\/\/elviajero.com.do\/index.php\/wp-json\/wp\/v2\/posts"}],"about":[{"href":"https:\/\/elviajero.com.do\/index.php\/wp-json\/wp\/v2\/types\/post"}],"author":[{"embeddable":true,"href":"https:\/\/elviajero.com.do\/index.php\/wp-json\/wp\/v2\/users\/3"}],"replies":[{"embeddable":true,"href":"https:\/\/elviajero.com.do\/index.php\/wp-json\/wp\/v2\/comments?post=3095"}],"version-history":[{"count":3,"href":"https:\/\/elviajero.com.do\/index.php\/wp-json\/wp\/v2\/posts\/3095\/revisions"}],"predecessor-version":[{"id":3102,"href":"https:\/\/elviajero.com.do\/index.php\/wp-json\/wp\/v2\/posts\/3095\/revisions\/3102"}],"wp:featuredmedia":[{"embeddable":true,"href":"https:\/\/elviajero.com.do\/index.php\/wp-json\/wp\/v2\/media\/3096"}],"wp:attachment":[{"href":"https:\/\/elviajero.com.do\/index.php\/wp-json\/wp\/v2\/media?parent=3095"}],"wp:term":[{"taxonomy":"category","embeddable":true,"href":"https:\/\/elviajero.com.do\/index.php\/wp-json\/wp\/v2\/categories?post=3095"},{"taxonomy":"post_tag","embeddable":true,"href":"https:\/\/elviajero.com.do\/index.php\/wp-json\/wp\/v2\/tags?post=3095"}],"curies":[{"name":"wp","href":"https:\/\/api.w.org\/{rel}","templated":true}]}}