{"id":3156,"date":"2026-01-12T16:53:24","date_gmt":"2026-01-12T20:53:24","guid":{"rendered":"https:\/\/elviajero.com.do\/?p=3156"},"modified":"2026-01-12T17:03:03","modified_gmt":"2026-01-12T21:03:03","slug":"inician-en-aila-construccion-del-hotel-holiday-inn-santo-domingo-airport-con-inversion-de-us24","status":"publish","type":"post","link":"https:\/\/elviajero.com.do\/index.php\/2026\/01\/12\/inician-en-aila-construccion-del-hotel-holiday-inn-santo-domingo-airport-con-inversion-de-us24\/","title":{"rendered":"Inician en AILA construcci\u00f3n del hotel Holiday Inn Santo Domingo Airport con inversi\u00f3n de US$24"},"content":{"rendered":"<p><img loading=\"lazy\" decoding=\"async\" class=\"alignnone size-full wp-image-3162\" src=\"https:\/\/elviajero.com.do\/wp-content\/uploads\/2026\/01\/IMG-20260112-WA00662.jpg\" alt=\"\" width=\"1599\" height=\"1066\" srcset=\"https:\/\/elviajero.com.do\/wp-content\/uploads\/2026\/01\/IMG-20260112-WA00662.jpg 1599w, https:\/\/elviajero.com.do\/wp-content\/uploads\/2026\/01\/IMG-20260112-WA00662-300x200.jpg 300w, https:\/\/elviajero.com.do\/wp-content\/uploads\/2026\/01\/IMG-20260112-WA00662-1024x683.jpg 1024w, https:\/\/elviajero.com.do\/wp-content\/uploads\/2026\/01\/IMG-20260112-WA00662-768x512.jpg 768w, https:\/\/elviajero.com.do\/wp-content\/uploads\/2026\/01\/IMG-20260112-WA00662-1536x1024.jpg 1536w\" sizes=\"auto, (max-width: 1599px) 100vw, 1599px\" \/><\/p>\n<p data-start=\"102\" data-end=\"202\"><em data-start=\"102\" data-end=\"117\">Rafael Castro<\/em><br data-start=\"117\" data-end=\"120\" \/><em data-start=\"120\" data-end=\"141\">12 de enero de 2026<\/em><br data-start=\"141\" data-end=\"144\" \/><em data-start=\"144\" data-end=\"202\"><strong>Santo Domingo \u2013 Aeropuerto Internacional de Las Am\u00e9ricas<\/strong><\/em><\/p>\n<p data-start=\"204\" data-end=\"654\">\u00a0\u00a0Fueron iniciados los trabajos de construcci\u00f3n del hotel <strong data-start=\"276\" data-end=\"313\">Holiday Inn Santo Domingo Airport<\/strong>, una obra valorada en <strong data-start=\"336\" data-end=\"362\">24 millones de d\u00f3lares<\/strong> que se levanta dentro del per\u00edmetro del Aeropuerto Internacional de Las Am\u00e9ricas, Jos\u00e9 Francisco Pe\u00f1a G\u00f3mez (AILA), tras superar un conflicto administrativo relacionado con la aprobaci\u00f3n de los permisos de uso de suelo y medioambientales por parte de la Alcald\u00eda del municipio de Boca Chica.<\/p>\n<p data-start=\"656\" data-end=\"1067\">\u00a0\u00a0Desde hace varias semanas, la empresa responsable del proyecto puso en marcha las labores de excavaci\u00f3n y preparaci\u00f3n del terreno, luego de recibir las autorizaciones correspondientes.<\/p>\n<p>&nbsp;<\/p>\n<p><img loading=\"lazy\" decoding=\"async\" class=\"alignnone size-full wp-image-3158\" src=\"https:\/\/elviajero.com.do\/wp-content\/uploads\/2026\/01\/IMG-20260112-WA00701.jpg\" alt=\"\" width=\"1280\" height=\"591\" srcset=\"https:\/\/elviajero.com.do\/wp-content\/uploads\/2026\/01\/IMG-20260112-WA00701.jpg 1280w, https:\/\/elviajero.com.do\/wp-content\/uploads\/2026\/01\/IMG-20260112-WA00701-300x139.jpg 300w, https:\/\/elviajero.com.do\/wp-content\/uploads\/2026\/01\/IMG-20260112-WA00701-1024x473.jpg 1024w, https:\/\/elviajero.com.do\/wp-content\/uploads\/2026\/01\/IMG-20260112-WA00701-768x355.jpg 768w\" sizes=\"auto, (max-width: 1280px) 100vw, 1280px\" \/><\/p>\n<p>&nbsp;<\/p>\n<p>En el \u00e1rea donde se desarrolla la obra se observan movimientos de tierra, dep\u00f3sitos de materiales, as\u00ed como la presencia constante de obreros y equipos pesados de construcci\u00f3n, lo que confirma el avance sostenido del proyecto.<\/p>\n<p data-start=\"1069\" data-end=\"1559\">El hotel est\u00e1 concebido para ofrecer <strong data-start=\"1106\" data-end=\"1126\">154 habitaciones<\/strong>, distribuidas en <strong data-start=\"1144\" data-end=\"1162\">cuatro niveles<\/strong>, sobre una superficie aproximada de <strong data-start=\"1199\" data-end=\"1241\">9,000 metros cuadrados de construcci\u00f3n<\/strong>, incluyendo \u00e1reas de parqueos y servicios complementarios.<\/p>\n<p>\u00a0\u00a0La infraestructura estar\u00e1 orientada principalmente a suplir la demanda de hospedaje de <strong data-start=\"1388\" data-end=\"1413\">pasajeros en tr\u00e1nsito<\/strong>, as\u00ed como de <strong data-start=\"1427\" data-end=\"1451\">tripulaciones a\u00e9reas<\/strong> pilotos, azafatas y personal de sobrecargo que operan desde y hacia la principal terminal a\u00e9rea del pa\u00eds.<\/p>\n<p data-start=\"1561\" data-end=\"2003\">\u00a0De acuerdo con informaciones suministradas por <strong data-start=\"1608\" data-end=\"1655\">Aeropuertos Dominicanos Siglo XXI (Aerodom)<\/strong>, empresa concesionaria y administradora del AILA, el Holiday Inn Santo Domingo Airport ofrecer\u00e1 \u201c<strong data-start=\"1753\" data-end=\"1805\">servicios de hospitalidad de la m\u00e1s alta calidad<\/strong> a los viajeros y ejecutivos que visiten o transiten por el pa\u00eds a trav\u00e9s de la terminal aeroportuaria\u201d, fortaleciendo la oferta de servicios vinculados al transporte a\u00e9reo y al turismo de negocios.<\/p>\n<p data-start=\"2005\" data-end=\"2420\">\u00a0Una de las principales ventajas del proyecto es su <strong data-start=\"2056\" data-end=\"2081\">ubicaci\u00f3n estrat\u00e9gica<\/strong>, ya que el hotel estar\u00e1 situado a pocos metros de la terminal aeroportuaria, permitiendo el acceso <strong data-start=\"2181\" data-end=\"2190\">a pie<\/strong> desde y hacia el aeropuerto.<\/p>\n<p>&nbsp;<\/p>\n<p><img loading=\"lazy\" decoding=\"async\" class=\"alignnone size-full wp-image-3159\" src=\"https:\/\/elviajero.com.do\/wp-content\/uploads\/2026\/01\/IMG-20260112-WA0066.jpg\" alt=\"\" width=\"1599\" height=\"1066\" srcset=\"https:\/\/elviajero.com.do\/wp-content\/uploads\/2026\/01\/IMG-20260112-WA0066.jpg 1599w, https:\/\/elviajero.com.do\/wp-content\/uploads\/2026\/01\/IMG-20260112-WA0066-300x200.jpg 300w, https:\/\/elviajero.com.do\/wp-content\/uploads\/2026\/01\/IMG-20260112-WA0066-1024x683.jpg 1024w, https:\/\/elviajero.com.do\/wp-content\/uploads\/2026\/01\/IMG-20260112-WA0066-768x512.jpg 768w, https:\/\/elviajero.com.do\/wp-content\/uploads\/2026\/01\/IMG-20260112-WA0066-1536x1024.jpg 1536w\" sizes=\"auto, (max-width: 1599px) 100vw, 1599px\" \/><\/p>\n<p>&nbsp;<\/p>\n<p>&nbsp;<\/p>\n<p>Las instalaciones incluir\u00e1n <strong data-start=\"2248\" data-end=\"2383\">bar y restaurantes, terrazas, \u00e1reas de coworking, gimnasio, piscina, centro de negocios, salones flexibles para reuniones y eventos<\/strong>, as\u00ed como un amplio estacionamiento.<\/p>\n<p data-start=\"2422\" data-end=\"2766\">\u00a0La empresa promotora del proyecto es <strong data-start=\"2459\" data-end=\"2480\">TVP Management RD<\/strong>, en conjunto con las compa\u00f1\u00edas <strong data-start=\"2512\" data-end=\"2541\">Constructora Sofisa, S.A.<\/strong> y <strong data-start=\"2544\" data-end=\"2578\">Constructora ICI Internacional<\/strong>, bajo un esquema de consorcio. El dise\u00f1o arquitect\u00f3nico corresponde al <strong data-start=\"2650\" data-end=\"2685\">Taller de Arquitectura Orbitarq<\/strong>, mientras que la asesor\u00eda legal est\u00e1 a cargo del despacho <strong data-start=\"2744\" data-end=\"2765\">Estrella &amp; Tupete<\/strong>.<\/p>\n<p data-start=\"2768\" data-end=\"3193\">Cuando el proyecto fue anunciado oficialmente, sus promotores destacaron que las habitaciones contar\u00e1n con <strong data-start=\"2875\" data-end=\"2903\">dos vistas privilegiadas<\/strong>: una hacia la <strong data-start=\"2918\" data-end=\"2936\">terminal a\u00e9rea<\/strong> y otra hacia el <strong data-start=\"2953\" data-end=\"2967\">mar Caribe<\/strong>, lo que agrega valor al concepto del hotel.<\/p>\n<p>\u00a0Asimismo, se\u00f1alaron que la obra contribuir\u00e1 a atraer <strong data-start=\"3065\" data-end=\"3089\">viajeros de negocios<\/strong>, al disponer de espacios adecuados para reuniones corporativas, capacitaciones y encuentros ejecutivos.<\/p>\n<p data-start=\"3195\" data-end=\"3495\">\u00a0La construcci\u00f3n del Holiday Inn Santo Domingo Airport se desarrolla en el \u00e1rea donde se encuentra ubicado el <strong data-start=\"3304\" data-end=\"3325\">radar aeron\u00e1utico<\/strong>, dentro del per\u00edmetro del Aeropuerto Internacional de Las Am\u00e9ricas, cumpliendo con las normativas t\u00e9cnicas y de seguridad establecidas para este tipo de infraestructura.<\/p>\n<p data-start=\"3497\" data-end=\"3702\" data-is-last-node=\"\" data-is-only-node=\"\">Con este proyecto, el AILA fortalece su plataforma de servicios complementarios y consolida su posici\u00f3n como un eje estrat\u00e9gico para el tr\u00e1nsito a\u00e9reo, el turismo y los negocios en la Rep\u00fablica Dominicana.<\/p>\n<p>&nbsp;<\/p>\n","protected":false},"excerpt":{"rendered":"<p>Rafael Castro12 de enero de 2026Santo Domingo \u2013 Aeropuerto Internacional de Las Am\u00e9ricas \u00a0\u00a0Fueron iniciados&#8230;<\/p>\n","protected":false},"author":3,"featured_media":3157,"comment_status":"open","ping_status":"open","sticky":false,"template":"","format":"standard","meta":{"footnotes":""},"categories":[2,5],"tags":[],"class_list":["post-3156","post","type-post","status-publish","format-standard","has-post-thumbnail","hentry","category-nacionales","category-portada"],"_links":{"self":[{"href":"https:\/\/elviajero.com.do\/index.php\/wp-json\/wp\/v2\/posts\/3156","targetHints":{"allow":["GET"]}}],"collection":[{"href":"https:\/\/elviajero.com.do\/index.php\/wp-json\/wp\/v2\/posts"}],"about":[{"href":"https:\/\/elviajero.com.do\/index.php\/wp-json\/wp\/v2\/types\/post"}],"author":[{"embeddable":true,"href":"https:\/\/elviajero.com.do\/index.php\/wp-json\/wp\/v2\/users\/3"}],"replies":[{"embeddable":true,"href":"https:\/\/elviajero.com.do\/index.php\/wp-json\/wp\/v2\/comments?post=3156"}],"version-history":[{"count":3,"href":"https:\/\/elviajero.com.do\/index.php\/wp-json\/wp\/v2\/posts\/3156\/revisions"}],"predecessor-version":[{"id":3164,"href":"https:\/\/elviajero.com.do\/index.php\/wp-json\/wp\/v2\/posts\/3156\/revisions\/3164"}],"wp:featuredmedia":[{"embeddable":true,"href":"https:\/\/elviajero.com.do\/index.php\/wp-json\/wp\/v2\/media\/3157"}],"wp:attachment":[{"href":"https:\/\/elviajero.com.do\/index.php\/wp-json\/wp\/v2\/media?parent=3156"}],"wp:term":[{"taxonomy":"category","embeddable":true,"href":"https:\/\/elviajero.com.do\/index.php\/wp-json\/wp\/v2\/categories?post=3156"},{"taxonomy":"post_tag","embeddable":true,"href":"https:\/\/elviajero.com.do\/index.php\/wp-json\/wp\/v2\/tags?post=3156"}],"curies":[{"name":"wp","href":"https:\/\/api.w.org\/{rel}","templated":true}]}}