{"id":3170,"date":"2026-01-12T19:51:59","date_gmt":"2026-01-12T23:51:59","guid":{"rendered":"https:\/\/elviajero.com.do\/?p=3170"},"modified":"2026-01-12T19:51:59","modified_gmt":"2026-01-12T23:51:59","slug":"arajet-vuelve-a-colocar-a-rd-en-iata","status":"publish","type":"post","link":"https:\/\/elviajero.com.do\/index.php\/2026\/01\/12\/arajet-vuelve-a-colocar-a-rd-en-iata\/","title":{"rendered":"Arajet vuelve a colocar a RD en IATA"},"content":{"rendered":"<p data-start=\"42\" data-end=\"83\"><em data-start=\"42\" data-end=\"83\">\u00a0Rafael Castro <\/em><\/p>\n<p><em>Santo Domingo, RD \u2013 12 de enero de 2026<\/em><\/p>\n<p data-start=\"85\" data-end=\"409\">Luego de tres d\u00e9cadas de ausencia de aerol\u00edneas dominicanas en el directorio de la Asociaci\u00f3n de Transporte A\u00e9reo Internacional (IATA), la aerol\u00ednea Arajet anunci\u00f3 este lunes la obtenci\u00f3n oficial de su certificado de membres\u00eda ante ese organismo, considerado el principal ente de representaci\u00f3n global de la industria a\u00e9rea.<\/p>\n<p data-start=\"411\" data-end=\"727\">El ingreso de Arajet a IATA marca un hito hist\u00f3rico para la aeron\u00e1utica civil dominicana, al reincorporar al pa\u00eds al m\u00e1s alto nivel de la aviaci\u00f3n comercial internacional y reafirmar el compromiso de la aerol\u00ednea con los est\u00e1ndares globales de seguridad operacional, eficiencia, calidad de servicio y sostenibilidad.<\/p>\n<p data-start=\"729\" data-end=\"1029\">Con esta membres\u00eda, Arajet fortalece su posicionamiento como aerol\u00ednea conectora de las Am\u00e9ricas, a trav\u00e9s de sus hubs estrat\u00e9gicos en Santo Domingo y Punta Cana, lo que a su vez consolida a la Rep\u00fablica Dominicana como un actor relevante dentro del turismo y la conectividad a\u00e9rea regional y global.<\/p>\n<p data-start=\"1031\" data-end=\"1459\">El CEO y fundador de Arajet, V\u00edctor Pacheco M\u00e9ndez, calific\u00f3 el logro como un paso estrat\u00e9gico para el crecimiento de la aerol\u00ednea.<\/p>\n<p>\u00a0\u201cLograr esta certificaci\u00f3n como miembro de IATA valida nuestro modelo de negocio y eleva nuestra propuesta de valor para los pasajeros\u201d, expres\u00f3. Agreg\u00f3 que la membres\u00eda permitir\u00e1 ampliar acuerdos interl\u00ednea, optimizar procesos y ofrecer conexiones m\u00e1s simples, confiables y accesibles en precio.<\/p>\n<p data-start=\"1461\" data-end=\"1872\">IATA agrupa a la gran mayor\u00eda del tr\u00e1fico a\u00e9reo internacional y promueve procedimientos estandarizados que impactan positivamente la experiencia del usuario, desde la emisi\u00f3n de boletos y el manejo de equipaje hasta la puntualidad y la eficiencia en los aeropuertos.<\/p>\n<p>\u00a0La incorporaci\u00f3n de Arajet facilitar\u00e1 la adopci\u00f3n de mejores pr\u00e1cticas y soluciones tecnol\u00f3gicas alineadas con un crecimiento seguro y ordenado.<\/p>\n<p data-start=\"1874\" data-end=\"2218\">Pacheco M\u00e9ndez subray\u00f3 adem\u00e1s el impacto positivo de este avance para el pa\u00eds. \u201cPara la Rep\u00fablica Dominicana este logro se traduce en mayor conectividad, m\u00e1s turismo y nuevas oportunidades de negocio y empleo.<\/p>\n<p>\u00a0Con Santo Domingo y Punta Cana como centros de interconexi\u00f3n, seguiremos acercando el Caribe con Norte, Centro y Suram\u00e9rica\u201d, sostuvo.<\/p>\n<p data-start=\"2220\" data-end=\"2583\">De su lado, Peter Cerda, vicepresidente regional de IATA para Las Am\u00e9ricas, destac\u00f3 la importancia de la membres\u00eda para las aerol\u00edneas y los pasajeros.<\/p>\n<p>\u00a0\u201cSer miembro de IATA es un hito que permite ofrecer m\u00e1s beneficios, ampliar opciones de viaje y aumentar la conectividad mediante futuros acuerdos con aerol\u00edneas miembros y socios de la cadena de valor\u201d, afirm\u00f3. Cerda tambi\u00e9n resalt\u00f3 el rol estrat\u00e9gico de la aviaci\u00f3n para el Caribe y la econom\u00eda dominicana.<\/p>\n<p>Indic\u00f3 que los viajes y el turismo representan cerca del 10.6 % del producto interno bruto del pa\u00eds y generan alrededor de 550 mil empleos, por lo que consider\u00f3 fundamental la colaboraci\u00f3n entre el sector aeron\u00e1utico y el Gobierno para convertir la aviaci\u00f3n en un verdadero motor de crecimiento econ\u00f3mico y desarrollo social.<\/p>\n<p data-start=\"3009\" data-end=\"3253\" data-is-last-node=\"\" data-is-only-node=\"\">Finalmente, Arajet adelant\u00f3 que en las pr\u00f3ximas semanas anunciar\u00e1 nuevas iniciativas de producto y conectividad, dise\u00f1adas para capitalizar su membres\u00eda en IATA y seguir fortaleciendo su red de rutas desde y hacia sus principales ciudades foco.<\/p>\n<p>&nbsp;<\/p>\n","protected":false},"excerpt":{"rendered":"<p>\u00a0Rafael Castro Santo Domingo, RD \u2013 12 de enero de 2026 Luego de tres d\u00e9cadas&#8230;<\/p>\n","protected":false},"author":3,"featured_media":3171,"comment_status":"open","ping_status":"open","sticky":false,"template":"","format":"standard","meta":{"footnotes":""},"categories":[5],"tags":[],"class_list":["post-3170","post","type-post","status-publish","format-standard","has-post-thumbnail","hentry","category-portada"],"_links":{"self":[{"href":"https:\/\/elviajero.com.do\/index.php\/wp-json\/wp\/v2\/posts\/3170","targetHints":{"allow":["GET"]}}],"collection":[{"href":"https:\/\/elviajero.com.do\/index.php\/wp-json\/wp\/v2\/posts"}],"about":[{"href":"https:\/\/elviajero.com.do\/index.php\/wp-json\/wp\/v2\/types\/post"}],"author":[{"embeddable":true,"href":"https:\/\/elviajero.com.do\/index.php\/wp-json\/wp\/v2\/users\/3"}],"replies":[{"embeddable":true,"href":"https:\/\/elviajero.com.do\/index.php\/wp-json\/wp\/v2\/comments?post=3170"}],"version-history":[{"count":1,"href":"https:\/\/elviajero.com.do\/index.php\/wp-json\/wp\/v2\/posts\/3170\/revisions"}],"predecessor-version":[{"id":3172,"href":"https:\/\/elviajero.com.do\/index.php\/wp-json\/wp\/v2\/posts\/3170\/revisions\/3172"}],"wp:featuredmedia":[{"embeddable":true,"href":"https:\/\/elviajero.com.do\/index.php\/wp-json\/wp\/v2\/media\/3171"}],"wp:attachment":[{"href":"https:\/\/elviajero.com.do\/index.php\/wp-json\/wp\/v2\/media?parent=3170"}],"wp:term":[{"taxonomy":"category","embeddable":true,"href":"https:\/\/elviajero.com.do\/index.php\/wp-json\/wp\/v2\/categories?post=3170"},{"taxonomy":"post_tag","embeddable":true,"href":"https:\/\/elviajero.com.do\/index.php\/wp-json\/wp\/v2\/tags?post=3170"}],"curies":[{"name":"wp","href":"https:\/\/api.w.org\/{rel}","templated":true}]}}