{"id":3173,"date":"2026-01-12T21:08:02","date_gmt":"2026-01-13T01:08:02","guid":{"rendered":"https:\/\/elviajero.com.do\/?p=3173"},"modified":"2026-01-12T21:08:08","modified_gmt":"2026-01-13T01:08:08","slug":"trump-planea-reunion-con-su-gabinete-el-martes-sobre-posibles-acciones-en-iran","status":"publish","type":"post","link":"https:\/\/elviajero.com.do\/index.php\/2026\/01\/12\/trump-planea-reunion-con-su-gabinete-el-martes-sobre-posibles-acciones-en-iran\/","title":{"rendered":"\u00a0Trump planea reuni\u00f3n con su gabinete el martes sobre posibles acciones en Ir\u00e1n"},"content":{"rendered":"<p>El presidente estadounidense, Donald Trump, planea una reuni\u00f3n el pr\u00f3ximo martes con un grupo de altos funcionarios sobre las posibles acciones del Gobierno de EE.UU. para responder a la represi\u00f3n en las protestas de Ir\u00e1n, seg\u00fan inform\u00f3 este domingo The Wall Street Journal.<\/p>\n<p>La reuni\u00f3n del martes ser\u00e1 la primera <strong>\"discusi\u00f3n formal\"<\/strong> de Trump sobre el asunto con su gabinete, e incluir\u00e1 a los secretarios de Estado, Marco Rubio, y de Guerra, Pete Hegseth, y el presidente del Estado Mayor Conjunto, Dan Caine, indica el diario, que cita fuentes gubernamentales.<\/p>\n<p>Esa discusi\u00f3n abordar\u00e1 acciones como \"potenciar fuentes 'online' contra el Gobierno, desplegar ciberarmas secretas contra sitios (web) del Ej\u00e9rcito iran\u00ed y civiles,<strong> imponer m\u00e1s sanciones al r\u00e9gimen <\/strong>y bombardeos militares\", agregaron esas fuentes gubernamentales.<\/p>\n<p>Por otra parte, el diario digital Politico se\u00f1ala que no se espera que Trump tome una decisi\u00f3n final en la reuni\u00f3n, porque las deliberaciones est\u00e1n en una fase temprana, ni que el presidente env\u00ede tropas a Ir\u00e1n.<\/p>\n<p>Este medio, que cita tambi\u00e9n fuentes gubernamentales, dice que se abordar\u00e1n \"algunas (acciones) cin\u00e9ticas y muchas no cin\u00e9ticas\". Las primeras se refieren a <strong>acciones militares<\/strong> que usan la fuerza f\u00edsica de un proyectil sin necesidad de explotar, y las segundas a opciones cibern\u00e9ticas o encubiertas.<\/p>\n<p>Trump ofreci\u00f3 ayer en un mensaje en Truth Social la \"ayuda\" de su Gobierno para la \"libertad\" de Ir\u00e1n y anteriormente ha advertido de una posible intervenci\u00f3n en el pa\u00eds ante la violencia ejercida contra los manifestantes, que suman ya cientos de fallecidos.<\/p>\n<p>El presidente del parlamento iran\u00ed, Mohamed Baqer Qalibaf, advirti\u00f3 este domingo de que, en caso de un ataque estadounidense sobre Ir\u00e1n, \"tanto los <strong>territorios ocupados<\/strong> (Israel) como todos los centros militares, bases y barcos\" de EE.UU e Israel en la regi\u00f3n \"ser\u00e1n objetivos leg\u00edtimos\".<\/p>\n<p>Al menos 538 personas han muerto, seg\u00fan datos de la ONG Human Rights Activists News Agency (HRANA), con base en Estados Unidos, en las manifestaciones que empezaron el pasado 28 de diciembre por la crisis econ\u00f3mica y que se han propagado por todo el pa\u00eds y el extranjero.<\/p>\n<p>&nbsp;<\/p>\n","protected":false},"excerpt":{"rendered":"<p>El presidente estadounidense, Donald Trump, planea una reuni\u00f3n el pr\u00f3ximo martes con un grupo de&#8230;<\/p>\n","protected":false},"author":3,"featured_media":3174,"comment_status":"open","ping_status":"open","sticky":false,"template":"","format":"standard","meta":{"footnotes":""},"categories":[4],"tags":[],"class_list":["post-3173","post","type-post","status-publish","format-standard","has-post-thumbnail","hentry","category-internacionales"],"_links":{"self":[{"href":"https:\/\/elviajero.com.do\/index.php\/wp-json\/wp\/v2\/posts\/3173","targetHints":{"allow":["GET"]}}],"collection":[{"href":"https:\/\/elviajero.com.do\/index.php\/wp-json\/wp\/v2\/posts"}],"about":[{"href":"https:\/\/elviajero.com.do\/index.php\/wp-json\/wp\/v2\/types\/post"}],"author":[{"embeddable":true,"href":"https:\/\/elviajero.com.do\/index.php\/wp-json\/wp\/v2\/users\/3"}],"replies":[{"embeddable":true,"href":"https:\/\/elviajero.com.do\/index.php\/wp-json\/wp\/v2\/comments?post=3173"}],"version-history":[{"count":1,"href":"https:\/\/elviajero.com.do\/index.php\/wp-json\/wp\/v2\/posts\/3173\/revisions"}],"predecessor-version":[{"id":3175,"href":"https:\/\/elviajero.com.do\/index.php\/wp-json\/wp\/v2\/posts\/3173\/revisions\/3175"}],"wp:featuredmedia":[{"embeddable":true,"href":"https:\/\/elviajero.com.do\/index.php\/wp-json\/wp\/v2\/media\/3174"}],"wp:attachment":[{"href":"https:\/\/elviajero.com.do\/index.php\/wp-json\/wp\/v2\/media?parent=3173"}],"wp:term":[{"taxonomy":"category","embeddable":true,"href":"https:\/\/elviajero.com.do\/index.php\/wp-json\/wp\/v2\/categories?post=3173"},{"taxonomy":"post_tag","embeddable":true,"href":"https:\/\/elviajero.com.do\/index.php\/wp-json\/wp\/v2\/tags?post=3173"}],"curies":[{"name":"wp","href":"https:\/\/api.w.org\/{rel}","templated":true}]}}