{"id":3194,"date":"2026-01-14T15:58:18","date_gmt":"2026-01-14T19:58:18","guid":{"rendered":"https:\/\/elviajero.com.do\/?p=3194"},"modified":"2026-01-14T15:59:07","modified_gmt":"2026-01-14T19:59:07","slug":"abinader-recibe-el-primer-pasaporte-electronico-y-da-inicio-oficial-a-su-implementacion-en-el-pais","status":"publish","type":"post","link":"https:\/\/elviajero.com.do\/index.php\/2026\/01\/14\/abinader-recibe-el-primer-pasaporte-electronico-y-da-inicio-oficial-a-su-implementacion-en-el-pais\/","title":{"rendered":"Abinader recibe el primer pasaporte electr\u00f3nico y da inicio oficial a su implementaci\u00f3n en el pa\u00eds"},"content":{"rendered":"<p data-start=\"104\" data-end=\"472\">Santo Domingo.\u2013<\/p>\n<p>Con la captura de fotograf\u00eda, el registro de huellas digitales y la incorporaci\u00f3n de una firma encriptada, el presidente de la Rep\u00fablica, Luis Abinader, se convirti\u00f3 este mi\u00e9rcoles en la primera persona en recibir el nuevo pasaporte electr\u00f3nico dominicano, dejando formalmente inaugurada la implementaci\u00f3n de este moderno documento de viaje en el pa\u00eds.<\/p>\n<p data-start=\"474\" data-end=\"848\">El proceso, realizado bajo estrictos est\u00e1ndares de seguridad tecnol\u00f3gica, incluy\u00f3 la recopilaci\u00f3n de los datos biom\u00e9tricos del mandatario, los cuales quedar\u00e1n integrados en un chip electr\u00f3nico que permitir\u00e1 mayor protecci\u00f3n de la identidad del ciudadano, reducir\u00e1 las posibilidades de falsificaci\u00f3n y agilizar\u00e1 los controles migratorios en aeropuertos y puestos fronterizos.<\/p>\n<p data-start=\"850\" data-end=\"1314\">Durante el acto, las autoridades destacaron que el pasaporte electr\u00f3nico representa un paso significativo en la modernizaci\u00f3n de los servicios p\u00fablicos y en el fortalecimiento de la seguridad nacional, al alinearse con las normativas y exigencias de la Organizaci\u00f3n de Aviaci\u00f3n Civil Internacional (OACI).<\/p>\n<p>\u00a0Este nuevo documento facilitar\u00e1 adem\u00e1s la movilidad de los dominicanos en el exterior, al ser reconocido por los sistemas migratorios m\u00e1s avanzados del mundo.<\/p>\n<p data-start=\"1316\" data-end=\"1638\">El presidente Abinader valor\u00f3 la iniciativa como un avance clave en la transformaci\u00f3n digital del Estado y en la mejora de la imagen internacional de la Rep\u00fablica Dominicana, al tiempo que reiter\u00f3 el compromiso del Gobierno con la transparencia, la innovaci\u00f3n y la eficiencia en la prestaci\u00f3n de servicios a la ciudadan\u00eda.<\/p>\n<p data-start=\"1640\" data-end=\"1917\">Las autoridades informaron que la emisi\u00f3n del pasaporte electr\u00f3nico se realizar\u00e1 de manera progresiva, garantizando la continuidad del pasaporte tradicional durante el per\u00edodo de transici\u00f3n, mientras se adecuan los procesos y se capacita al personal encargado de su expedici\u00f3n.<\/p>\n<p data-start=\"1919\" data-end=\"2149\" data-is-last-node=\"\" data-is-only-node=\"\">Con este hito, la Rep\u00fablica Dominicana se suma a la lista de pa\u00edses de la regi\u00f3n que han adoptado el pasaporte electr\u00f3nico, consolidando un sistema de identificaci\u00f3n m\u00e1s seguro, moderno y acorde con los est\u00e1ndares internacionales.<\/p>\n<p>&nbsp;<\/p>\n","protected":false},"excerpt":{"rendered":"<p>Santo Domingo.\u2013 Con la captura de fotograf\u00eda, el registro de huellas digitales y la incorporaci\u00f3n&#8230;<\/p>\n","protected":false},"author":3,"featured_media":3195,"comment_status":"open","ping_status":"open","sticky":false,"template":"","format":"standard","meta":{"footnotes":""},"categories":[2,5],"tags":[],"class_list":["post-3194","post","type-post","status-publish","format-standard","has-post-thumbnail","hentry","category-nacionales","category-portada"],"_links":{"self":[{"href":"https:\/\/elviajero.com.do\/index.php\/wp-json\/wp\/v2\/posts\/3194","targetHints":{"allow":["GET"]}}],"collection":[{"href":"https:\/\/elviajero.com.do\/index.php\/wp-json\/wp\/v2\/posts"}],"about":[{"href":"https:\/\/elviajero.com.do\/index.php\/wp-json\/wp\/v2\/types\/post"}],"author":[{"embeddable":true,"href":"https:\/\/elviajero.com.do\/index.php\/wp-json\/wp\/v2\/users\/3"}],"replies":[{"embeddable":true,"href":"https:\/\/elviajero.com.do\/index.php\/wp-json\/wp\/v2\/comments?post=3194"}],"version-history":[{"count":2,"href":"https:\/\/elviajero.com.do\/index.php\/wp-json\/wp\/v2\/posts\/3194\/revisions"}],"predecessor-version":[{"id":3197,"href":"https:\/\/elviajero.com.do\/index.php\/wp-json\/wp\/v2\/posts\/3194\/revisions\/3197"}],"wp:featuredmedia":[{"embeddable":true,"href":"https:\/\/elviajero.com.do\/index.php\/wp-json\/wp\/v2\/media\/3195"}],"wp:attachment":[{"href":"https:\/\/elviajero.com.do\/index.php\/wp-json\/wp\/v2\/media?parent=3194"}],"wp:term":[{"taxonomy":"category","embeddable":true,"href":"https:\/\/elviajero.com.do\/index.php\/wp-json\/wp\/v2\/categories?post=3194"},{"taxonomy":"post_tag","embeddable":true,"href":"https:\/\/elviajero.com.do\/index.php\/wp-json\/wp\/v2\/tags?post=3194"}],"curies":[{"name":"wp","href":"https:\/\/api.w.org\/{rel}","templated":true}]}}