{"id":3282,"date":"2026-01-20T16:33:47","date_gmt":"2026-01-20T20:33:47","guid":{"rendered":"https:\/\/elviajero.com.do\/?p=3282"},"modified":"2026-01-20T16:33:56","modified_gmt":"2026-01-20T20:33:56","slug":"coe-despliega-amplio-operativo-por-el-dia-de-la-virgen-de-la-altagracia","status":"publish","type":"post","link":"https:\/\/elviajero.com.do\/index.php\/2026\/01\/20\/coe-despliega-amplio-operativo-por-el-dia-de-la-virgen-de-la-altagracia\/","title":{"rendered":"COE despliega amplio operativo por el D\u00eda de la Virgen de la Altagracia"},"content":{"rendered":"<p>&nbsp;<\/p>\n<p data-start=\"77\" data-end=\"411\"><em data-start=\"77\" data-end=\"108\">Santo Domingo, 20 ene (EFE<\/em><\/p>\n<p>El Centro de Operaciones de Emergencias (COE) inici\u00f3 este martes, a partir de las 2:00 de la tarde, un amplio operativo especial con motivo de la celebraci\u00f3n del D\u00eda de la Virgen de la Altagracia, que moviliza a m\u00e1s de 9,000 colaboradores y voluntarios en todo el pa\u00eds, con \u00e9nfasis en la regi\u00f3n Este.<\/p>\n<p data-start=\"413\" data-end=\"710\">El dispositivo preventivo cuenta con 113 ambulancias, 153 puestos de socorro, dos hospitales de campa\u00f1a, un helic\u00f3ptero, un centro de mando m\u00f3vil, seis talleres m\u00f3viles y ocho gr\u00faas, con el objetivo de reducir los riesgos durante el desplazamiento masivo de feligreses hacia la Bas\u00edlica de Hig\u00fcey.<\/p>\n<p data-start=\"712\" data-end=\"1025\">El director del COE, Juan Manuel M\u00e9ndez Garc\u00eda, inform\u00f3 que el operativo se desplegar\u00e1 en las cinco provincias del Este, iniciando desde el puente Juan Carlos I, en Santo Domingo<\/p>\n<p>Este, para atender la prevenci\u00f3n de accidentes de tr\u00e1nsito y cualquier situaci\u00f3n que pueda presentarse en el per\u00edmetro de la bas\u00edlica.<\/p>\n<p data-start=\"1027\" data-end=\"1299\">\u201cEstaremos atentos a todo lo que ocurra en las principales v\u00edas y en los alrededores del santuario, priorizando la prevenci\u00f3n y la r\u00e1pida respuesta ante emergencias\u201d, se\u00f1al\u00f3 M\u00e9ndez, al tiempo que llam\u00f3 a la poblaci\u00f3n a tomar precauciones al viajar hacia esa zona del pa\u00eds.<\/p>\n<p data-start=\"1301\" data-end=\"1686\">El funcionario insisti\u00f3 en la importancia del uso del cintur\u00f3n de seguridad por parte del conductor y los pasajeros, as\u00ed como del casco protector para quienes se desplacen en motocicletas. De igual forma, exhort\u00f3 a evitar el uso de veh\u00edculos abiertos para el transporte de personas.<\/p>\n<p>\u00a0\u201cLa feligres\u00eda debe tomar todas las precauciones de lugar y evitar situaciones que lamentar\u201d, subray\u00f3.<\/p>\n<p data-start=\"1688\" data-end=\"1928\" data-is-last-node=\"\" data-is-only-node=\"\">El operativo especial del COE se mantendr\u00e1 activo hasta este mi\u00e9rcoles a las 6:00 de la tarde, cuando se espera que concluya el retorno de miles de devotos que cada a\u00f1o acuden a rendir homenaje a la patrona espiritual del pueblo dominicano.<\/p>\n<p>&nbsp;<\/p>\n","protected":false},"excerpt":{"rendered":"<p>&nbsp; Santo Domingo, 20 ene (EFE El Centro de Operaciones de Emergencias (COE) inici\u00f3 este&#8230;<\/p>\n","protected":false},"author":3,"featured_media":3283,"comment_status":"open","ping_status":"open","sticky":false,"template":"","format":"standard","meta":{"footnotes":""},"categories":[5],"tags":[],"class_list":["post-3282","post","type-post","status-publish","format-standard","has-post-thumbnail","hentry","category-portada"],"_links":{"self":[{"href":"https:\/\/elviajero.com.do\/index.php\/wp-json\/wp\/v2\/posts\/3282","targetHints":{"allow":["GET"]}}],"collection":[{"href":"https:\/\/elviajero.com.do\/index.php\/wp-json\/wp\/v2\/posts"}],"about":[{"href":"https:\/\/elviajero.com.do\/index.php\/wp-json\/wp\/v2\/types\/post"}],"author":[{"embeddable":true,"href":"https:\/\/elviajero.com.do\/index.php\/wp-json\/wp\/v2\/users\/3"}],"replies":[{"embeddable":true,"href":"https:\/\/elviajero.com.do\/index.php\/wp-json\/wp\/v2\/comments?post=3282"}],"version-history":[{"count":1,"href":"https:\/\/elviajero.com.do\/index.php\/wp-json\/wp\/v2\/posts\/3282\/revisions"}],"predecessor-version":[{"id":3284,"href":"https:\/\/elviajero.com.do\/index.php\/wp-json\/wp\/v2\/posts\/3282\/revisions\/3284"}],"wp:featuredmedia":[{"embeddable":true,"href":"https:\/\/elviajero.com.do\/index.php\/wp-json\/wp\/v2\/media\/3283"}],"wp:attachment":[{"href":"https:\/\/elviajero.com.do\/index.php\/wp-json\/wp\/v2\/media?parent=3282"}],"wp:term":[{"taxonomy":"category","embeddable":true,"href":"https:\/\/elviajero.com.do\/index.php\/wp-json\/wp\/v2\/categories?post=3282"},{"taxonomy":"post_tag","embeddable":true,"href":"https:\/\/elviajero.com.do\/index.php\/wp-json\/wp\/v2\/tags?post=3282"}],"curies":[{"name":"wp","href":"https:\/\/api.w.org\/{rel}","templated":true}]}}