{"id":3286,"date":"2026-01-20T16:45:20","date_gmt":"2026-01-20T20:45:20","guid":{"rendered":"https:\/\/elviajero.com.do\/?p=3286"},"modified":"2026-01-20T16:45:55","modified_gmt":"2026-01-20T20:45:55","slug":"ejercito-ocupa-dos-jeepetas-y-detiene-34-haitianos-indocumentados-durante-operativos-en-valverde","status":"publish","type":"post","link":"https:\/\/elviajero.com.do\/index.php\/2026\/01\/20\/ejercito-ocupa-dos-jeepetas-y-detiene-34-haitianos-indocumentados-durante-operativos-en-valverde\/","title":{"rendered":"*Ej\u00e9rcito ocupa dos jeepetas y detiene 34 haitianos indocumentados durante operativos en Valverde*"},"content":{"rendered":"<p>Valverde,-R.D \u2013\u00a0 Dos jeepetas fueron ocupadas por miembros del Ej\u00e9rcito de Rep\u00fablica Dominicana (ERD), en las cuales fueron detenidos treinta y cuatro (34) nacionales haitianos en condici\u00f3n migratoria irregular, durante operativos de patrullaje realizados en el distrito municipal Amina, provincia Valverde.<\/p>\n<p>El primer veh\u00edculo fue interceptado por una patrulla del ERD que localiz\u00f3 en la secci\u00f3n Potrero la jeepeta marca Ford, modelo Explorer, color negro, placa G123044, la cual era utilizada para transportar extranjeros indocumentados.<\/p>\n<p>Al notar la presencia militar, el conductor emprendi\u00f3 la huida, dejando el veh\u00edculo abandonado con trece (13) nacionales haitianos, distribuidos en once (11) hombres y dos (02) mujeres, todos sin documentaci\u00f3n v\u00e1lida.<\/p>\n<p>En una segunda intervenci\u00f3n, realizada en el mismo sector, fue detenida una jeepeta marca Ford, modelo Explorer, color verde, placa G045715, conducida por Luis Alberto Hurtado Susa\u00f1a, acompa\u00f1ado de Yeuri Jos\u00e9 Jim\u00e9nez de la Rosa, quienes transportaban veinti\u00fan (21) nacionales haitianos en condici\u00f3n migratoria irregular, compuestos por diecisiete (17) hombres y cuatro (04) mujeres.<\/p>\n<p>Tanto los extranjeros indocumentados como los veh\u00edculos ocupados, y los detenidos se encuentran bajo custodia en la 4ta. Brigada de Infanter\u00eda del ERD, para los fines legales correspondientes, en coordinaci\u00f3n con la Direcci\u00f3n General de Migraci\u00f3n (DGM).<\/p>\n<p>&nbsp;<\/p>\n","protected":false},"excerpt":{"rendered":"<p>Valverde,-R.D \u2013\u00a0 Dos jeepetas fueron ocupadas por miembros del Ej\u00e9rcito de Rep\u00fablica Dominicana (ERD), en&#8230;<\/p>\n","protected":false},"author":3,"featured_media":3287,"comment_status":"open","ping_status":"open","sticky":false,"template":"","format":"standard","meta":{"footnotes":""},"categories":[5],"tags":[],"class_list":["post-3286","post","type-post","status-publish","format-standard","has-post-thumbnail","hentry","category-portada"],"_links":{"self":[{"href":"https:\/\/elviajero.com.do\/index.php\/wp-json\/wp\/v2\/posts\/3286","targetHints":{"allow":["GET"]}}],"collection":[{"href":"https:\/\/elviajero.com.do\/index.php\/wp-json\/wp\/v2\/posts"}],"about":[{"href":"https:\/\/elviajero.com.do\/index.php\/wp-json\/wp\/v2\/types\/post"}],"author":[{"embeddable":true,"href":"https:\/\/elviajero.com.do\/index.php\/wp-json\/wp\/v2\/users\/3"}],"replies":[{"embeddable":true,"href":"https:\/\/elviajero.com.do\/index.php\/wp-json\/wp\/v2\/comments?post=3286"}],"version-history":[{"count":1,"href":"https:\/\/elviajero.com.do\/index.php\/wp-json\/wp\/v2\/posts\/3286\/revisions"}],"predecessor-version":[{"id":3288,"href":"https:\/\/elviajero.com.do\/index.php\/wp-json\/wp\/v2\/posts\/3286\/revisions\/3288"}],"wp:featuredmedia":[{"embeddable":true,"href":"https:\/\/elviajero.com.do\/index.php\/wp-json\/wp\/v2\/media\/3287"}],"wp:attachment":[{"href":"https:\/\/elviajero.com.do\/index.php\/wp-json\/wp\/v2\/media?parent=3286"}],"wp:term":[{"taxonomy":"category","embeddable":true,"href":"https:\/\/elviajero.com.do\/index.php\/wp-json\/wp\/v2\/categories?post=3286"},{"taxonomy":"post_tag","embeddable":true,"href":"https:\/\/elviajero.com.do\/index.php\/wp-json\/wp\/v2\/tags?post=3286"}],"curies":[{"name":"wp","href":"https:\/\/api.w.org\/{rel}","templated":true}]}}