{"id":3307,"date":"2026-01-21T16:39:34","date_gmt":"2026-01-21T20:39:34","guid":{"rendered":"https:\/\/elviajero.com.do\/?p=3307"},"modified":"2026-01-21T16:46:13","modified_gmt":"2026-01-21T20:46:13","slug":"republica-dominicana-se-proyecta-en-madrid-como-un-destino-turistico-diverso-y-lider-regional","status":"publish","type":"post","link":"https:\/\/elviajero.com.do\/index.php\/2026\/01\/21\/republica-dominicana-se-proyecta-en-madrid-como-un-destino-turistico-diverso-y-lider-regional\/","title":{"rendered":"Rep\u00fablica Dominicana se proyecta en Madrid como un destino tur\u00edstico diverso y l\u00edder regional"},"content":{"rendered":"<p>&nbsp;<\/p>\n<p data-start=\"99\" data-end=\"457\"><strong data-start=\"99\" data-end=\"119\">MADRID, Espa\u00f1a<\/strong><\/p>\n<p>La Rep\u00fablica Dominicana contin\u00faa afianzando su posicionamiento internacional al presentarse ante el mundo no solo como un destino de sol y playa, sino como una oferta tur\u00edstica moderna, diversa y en constante expansi\u00f3n, capaz de atraer visitantes a trav\u00e9s de m\u00faltiples experiencias culturales, ecol\u00f3gicas, gastron\u00f3micas y de inversi\u00f3n.<\/p>\n<p data-start=\"459\" data-end=\"839\">Durante la inauguraci\u00f3n, este mi\u00e9rcoles, del stand dominicano en una de las principales ferias tur\u00edsticas internacionales celebradas en la capital espa\u00f1ola, el ministro de Turismo, David Collado, destac\u00f3 el impacto de las inversiones estrat\u00e9gicas que se desarrollan en el pa\u00eds, as\u00ed como la celebraci\u00f3n de eventos internacionales que fortalecen la marca pa\u00eds y dinamizan el sector.<\/p>\n<p data-start=\"841\" data-end=\"1210\">La apertura del pabell\u00f3n dominicano cont\u00f3 con la participaci\u00f3n de los principales ejecutivos de los bancos comerciales m\u00e1s importantes del pa\u00eds, as\u00ed como de figuras emblem\u00e1ticas de la industria tur\u00edstica nacional, una presencia que refuerza la imagen de la Rep\u00fablica Dominicana como uno de los l\u00edderes indiscutibles del turismo en la regi\u00f3n del Caribe y Am\u00e9rica Latina.<\/p>\n<p data-start=\"1212\" data-end=\"1748\">En esta edici\u00f3n de la feria, las autoridades anunciaron inversiones que superan los 4,000 millones de d\u00f3lares, con especial \u00e9nfasis en la expansi\u00f3n del destino tur\u00edstico del Este, particularmente en Miches, una zona que experimenta un acelerado desarrollo hotelero y de infraestructura.<\/p>\n<p>\u00a0De igual forma, se resalt\u00f3 la firme apuesta por Pedernales, concebido como el gran proyecto de desarrollo tur\u00edstico sostenible del suroeste dominicano, llamado a transformar la econom\u00eda de esa regi\u00f3n bajo un modelo responsable con el medio ambiente.<\/p>\n<p data-start=\"1750\" data-end=\"2129\">\u201cHoy, como cada a\u00f1o, dejamos abierto este impresionante stand, que es apenas una muestra de la belleza, la riqueza natural y la diversidad de experiencias que ofrece nuestro pa\u00eds\u201d, expres\u00f3 el ministro Collado, al tiempo que subray\u00f3 que m\u00e1s de 60 expositores forman parte de la delegaci\u00f3n dominicana, incluyendo hoteles, tour operadores, desarrolladores y entidades financieras.<\/p>\n<p data-start=\"2131\" data-end=\"2435\">El funcionario resalt\u00f3 adem\u00e1s como un elemento distintivo del modelo tur\u00edstico dominicano la estrecha alianza entre los principales bancos comerciales del pa\u00eds Banreservas, Banco Popular Dominicano y Banco BHD, que, pese a competir entre s\u00ed, convergen en un respaldo conjunto al desarrollo del turismo.<\/p>\n<p data-start=\"2437\" data-end=\"2650\">\u201cSomos el \u00fanico pa\u00eds donde sus tres principales bancos van de la mano para impulsar esta industria. Esa uni\u00f3n explica en gran medida por qu\u00e9 hoy somos una referencia regional en materia tur\u00edstica\u201d, afirm\u00f3 Collado.<\/p>\n<p data-start=\"2652\" data-end=\"3000\">Entre los empresarios presentes se encontraban Leonardo Aguilera, presidente del Banco de Reservas; Cristopher Paniagua, presidente del Banco Popular Dominicano; y Steven Puig, presidente del Banco BHD, quienes reafirmaron su compromiso de continuar apoyando el crecimiento del turismo como uno de los principales motores de la econom\u00eda dominicana.<\/p>\n<p data-start=\"3002\" data-end=\"3255\" data-is-last-node=\"\" data-is-only-node=\"\">Con esta s\u00f3lida participaci\u00f3n en Madrid, la Rep\u00fablica Dominicana refuerza su estrategia de diversificaci\u00f3n tur\u00edstica y consolida su imagen como un destino confiable, competitivo y atractivo tanto para visitantes como para inversionistas internacionales.<\/p>\n<p>&nbsp;<\/p>\n","protected":false},"excerpt":{"rendered":"<p>&nbsp; MADRID, Espa\u00f1a La Rep\u00fablica Dominicana contin\u00faa afianzando su posicionamiento internacional al presentarse ante el&#8230;<\/p>\n","protected":false},"author":3,"featured_media":3312,"comment_status":"open","ping_status":"open","sticky":false,"template":"","format":"standard","meta":{"footnotes":""},"categories":[5,3],"tags":[],"class_list":["post-3307","post","type-post","status-publish","format-standard","has-post-thumbnail","hentry","category-portada","category-turismo"],"_links":{"self":[{"href":"https:\/\/elviajero.com.do\/index.php\/wp-json\/wp\/v2\/posts\/3307","targetHints":{"allow":["GET"]}}],"collection":[{"href":"https:\/\/elviajero.com.do\/index.php\/wp-json\/wp\/v2\/posts"}],"about":[{"href":"https:\/\/elviajero.com.do\/index.php\/wp-json\/wp\/v2\/types\/post"}],"author":[{"embeddable":true,"href":"https:\/\/elviajero.com.do\/index.php\/wp-json\/wp\/v2\/users\/3"}],"replies":[{"embeddable":true,"href":"https:\/\/elviajero.com.do\/index.php\/wp-json\/wp\/v2\/comments?post=3307"}],"version-history":[{"count":1,"href":"https:\/\/elviajero.com.do\/index.php\/wp-json\/wp\/v2\/posts\/3307\/revisions"}],"predecessor-version":[{"id":3309,"href":"https:\/\/elviajero.com.do\/index.php\/wp-json\/wp\/v2\/posts\/3307\/revisions\/3309"}],"wp:featuredmedia":[{"embeddable":true,"href":"https:\/\/elviajero.com.do\/index.php\/wp-json\/wp\/v2\/media\/3312"}],"wp:attachment":[{"href":"https:\/\/elviajero.com.do\/index.php\/wp-json\/wp\/v2\/media?parent=3307"}],"wp:term":[{"taxonomy":"category","embeddable":true,"href":"https:\/\/elviajero.com.do\/index.php\/wp-json\/wp\/v2\/categories?post=3307"},{"taxonomy":"post_tag","embeddable":true,"href":"https:\/\/elviajero.com.do\/index.php\/wp-json\/wp\/v2\/tags?post=3307"}],"curies":[{"name":"wp","href":"https:\/\/api.w.org\/{rel}","templated":true}]}}