{"id":3324,"date":"2026-01-22T15:54:12","date_gmt":"2026-01-22T19:54:12","guid":{"rendered":"https:\/\/elviajero.com.do\/?p=3324"},"modified":"2026-01-22T15:54:40","modified_gmt":"2026-01-22T19:54:40","slug":"donde-estan-los-que-realmente-saben-pensar-y-ejecutar-porque-la-burla-no-dura-todo-el-que-lo-hace-con-la-caida-ajena-manana-gatea","status":"publish","type":"post","link":"https:\/\/elviajero.com.do\/index.php\/2026\/01\/22\/donde-estan-los-que-realmente-saben-pensar-y-ejecutar-porque-la-burla-no-dura-todo-el-que-lo-hace-con-la-caida-ajena-manana-gatea\/","title":{"rendered":"D\u00f3nde est\u00e1n los que realmente saben\u00a0pensar y ejecutar\u00a0Porque: \u201cLa burla no dura, todo el que lo hace\u00a0con la ca\u00edda ajena, ma\u00f1ana gatea\u201d\u00a0"},"content":{"rendered":"<p><span data-contrast=\"auto\">Por: Rafael R. Ram\u00edrez Ferreira<\/span><span data-ccp-props=\"{&quot;201341983&quot;:0,&quot;335551550&quot;:3,&quot;335551620&quot;:3,&quot;335559739&quot;:0,&quot;335559740&quot;:240}\">\u00a0<\/span><\/p>\n<p><span data-contrast=\"auto\">Cuando las mentiras unen a la gente,<\/span><span data-ccp-props=\"{&quot;201341983&quot;:0,&quot;335551550&quot;:3,&quot;335551620&quot;:3,&quot;335559739&quot;:0,&quot;335559740&quot;:240}\">\u00a0<\/span><\/p>\n<p><span data-contrast=\"auto\">la verdad los separa. Mant\u00e9n en<\/span><span data-ccp-props=\"{&quot;201341983&quot;:0,&quot;335551550&quot;:3,&quot;335551620&quot;:3,&quot;335559739&quot;:0,&quot;335559740&quot;:240}\">\u00a0<\/span><\/p>\n<p><span data-contrast=\"auto\">ti la integridad, que siempre,<\/span><span data-ccp-props=\"{&quot;201341983&quot;:0,&quot;335551550&quot;:3,&quot;335551620&quot;:3,&quot;335559739&quot;:0,&quot;335559740&quot;:240}\">\u00a0<\/span><\/p>\n<p><span data-contrast=\"auto\">al final, gana.\u201d<\/span><span data-ccp-props=\"{&quot;201341983&quot;:0,&quot;335551550&quot;:3,&quot;335551620&quot;:3,&quot;335559739&quot;:0,&quot;335559740&quot;:240}\">\u00a0<\/span><\/p>\n<p><span data-contrast=\"auto\">Mentalmente, debido a la falsa publicidad, la misma donde toda acci\u00f3n queda cubierta bajo un halo de incertidumbre sobre su fin \u00faltimo, momento en que, inclusive, se llega a pensar que aparte del enga\u00f1o pol\u00edtico, solo los beneficios econ\u00f3micos que deja, es lo que cuenta.<\/span><\/p>\n<p><span data-contrast=\"auto\"> Esto, muy a pesar de que otros tantos, dentro de este pueblo absurdo por ciclos o eras, han llegado a la creencia de que, la claque pol\u00edtica se ha convertido en algo parecido a una roca, en una imagen que emana un poder ineficiente y corrupto pero que, al mismo tiempo, lo puede aplastar en cualquier momento y, por eso, prefiere soportar sus indelicadas cuitas con todo lo que tiene que ver con lo inmoral y abusivo.<\/span><span data-ccp-props=\"{&quot;201341983&quot;:0,&quot;335551550&quot;:6,&quot;335551620&quot;:6,&quot;335559739&quot;:0,&quot;335559740&quot;:240}\">\u00a0<\/span><\/p>\n<p><span data-contrast=\"auto\">\u00bfDe la justicia? Todos sabemos que es independiente, pero, con una cadena de fuertes eslabones que, si no toman el camino se\u00f1alado por los pol\u00edticos y, peor a\u00fan, por el poder econ\u00f3mico, esas cadenas se encargan de enderezarlos hac\u00eda el camino designado. Algo as\u00ed como que, por la buena coge el surco o por la mala cambia el paso.<\/span><span data-ccp-props=\"{&quot;201341983&quot;:0,&quot;335551550&quot;:6,&quot;335551620&quot;:6,&quot;335559739&quot;:0,&quot;335559740&quot;:240}\">\u00a0<\/span><\/p>\n<p><span data-contrast=\"auto\">Por esa raz\u00f3n es que viven como reyes, demostrando en cada una de sus actuaciones, la ostentaci\u00f3n de riquezas, solo igualadas por sus estramb\u00f3ticas y toscas modales, que salen a relucir hasta en los lugares que ostentosamente se\u00f1alan como \u201csagrados\u201d, es decir, en sus austeras salas donde llevan a cabo sus \u201cdelicadas funciones\u201d.<\/span><span data-ccp-props=\"{&quot;201341983&quot;:0,&quot;335551550&quot;:6,&quot;335551620&quot;:6,&quot;335559739&quot;:0,&quot;335559740&quot;:240}\">\u00a0<\/span><\/p>\n<p><span data-contrast=\"auto\">Por eso es por lo que sostienen, a costa de una clase media golpeada salvajemente, un clientelismo pol\u00edtico que crece como la verdolaga y que mantiene toda una camarilla de vagos que solo aspiran a vivir del clientelismo \u201cpol\u00edtico solidario\u201d, sin que haya esfuerzo alguno por superarse, a menos que no sea en el moto concho o empacar productos en los supermercados.<\/span><\/p>\n<p><span data-contrast=\"auto\"> Esta es la raz\u00f3n por la que vemos como unos herederos, borrachitos de un supuesto liderazgo, han vivido de regalar lo que le pertenece al Estado, pretendiendo confundir la desigualdad existente dentro de la poblaci\u00f3n, con la inequidad que sus actos indecorosos producen.<\/span><span data-ccp-props=\"{&quot;201341983&quot;:0,&quot;335551550&quot;:6,&quot;335551620&quot;:6,&quot;335559739&quot;:0,&quot;335559740&quot;:240}\">\u00a0<\/span><\/p>\n<p><span data-contrast=\"auto\">Este accionar nos ha estado conduciendo por un camino peligroso, ah\u00edto de iniquidad, donde solo ellos est\u00e1n blindados, donde, por dem\u00e1s, ocultan que esas iniquidades son producto de desigualdades injustas.<\/span><\/p>\n<p><span data-contrast=\"auto\"> Es esa la raz\u00f3n por la que nos inundan con una publicidad enga\u00f1osa, siendo raro el d\u00eda donde no salga un estudio que presente la referida desigualdad siempre en declive, sin que se diga que la misma es producto de la injusticia en s\u00ed misma.<\/span><span data-ccp-props=\"{&quot;201341983&quot;:0,&quot;335551550&quot;:6,&quot;335551620&quot;:6,&quot;335559739&quot;:0,&quot;335559740&quot;:240}\">\u00a0<\/span><\/p>\n<p><span data-contrast=\"auto\">Quiz\u00e1s esto sea un barrullo m\u00e1s, pero \u00bfd\u00f3nde est\u00e1n los soci\u00f3logos? \u00bfHabr\u00e1n desaparecido junto con el recordado Teofilo Barreiro?, ya que, ante esta incertidumbre social donde los profesionales se desviven, no por ejercer su profesi\u00f3n en la especialidad que se trate, si no, en dirigir sus esfuerzos hac\u00eda alg\u00fan logro pol\u00edtico, econ\u00f3mico o farandulero, tendr\u00edamos que cuestionarnos; \u00bfQu\u00e9 est\u00e1 pasando en nuestra sociedad, en nuestros barrios, en las escuelas, qu\u00e9 se est\u00e1 ense\u00f1ando? \u00bfTendr\u00e1 algo que ver la ADP?<\/span><span data-ccp-props=\"{&quot;201341983&quot;:0,&quot;335551550&quot;:6,&quot;335551620&quot;:6,&quot;335559739&quot;:0,&quot;335559740&quot;:240}\">\u00a0<\/span><\/p>\n<p><span data-contrast=\"auto\">O quiz\u00e1s; \u00bfSer\u00e1 la incertidumbre sobre un futuro incierto y la degradaci\u00f3n del ejercicio de la pol\u00edtica? \u00bfQui\u00e9n podr\u00e1 hacer un estudio sobre la fiebre por obtener las cosas en lo inmediato, que azota a nuestra juventud? \u00bfestar\u00e1 cimentada en la incertidumbre que han sembrado los pol\u00edticos en cuanto al futuro de ellos?<\/span><span data-ccp-props=\"{&quot;201341983&quot;:0,&quot;335551550&quot;:6,&quot;335551620&quot;:6,&quot;335559739&quot;:0,&quot;335559740&quot;:240}\">\u00a0<\/span><\/p>\n<p><span data-contrast=\"auto\">\u00bfQu\u00e9 puede esperarse de pol\u00edticos que imitan aquello de cambiar oro por espejitos y, que hoy, cambian el voto por juguetes o funditas?<\/span><\/p>\n<p><span data-contrast=\"auto\"> \u00bfBien podr\u00edamos decir que esos tiempos han tra\u00eddo estas tempestades, dando cabida a la intromisi\u00f3n de lo peor de la sociedad a la pol\u00edtica partidista, blandiendo un dinero sucio que ha convertido la pol\u00edtica en un vil mercado, donde putos (as) se disputan los puestos electivos?<\/span><\/p>\n<p><span data-contrast=\"auto\"> \u00bfPor qu\u00e9 nadie habla sobre la proliferaci\u00f3n del moto concho y las relojer\u00edas en nuestros barrios paup\u00e9rrimos? Por hoy no vamos a decir m\u00e1s nada. \u00a1S\u00ed se\u00f1or!\u00a0<\/span><span data-ccp-props=\"{&quot;201341983&quot;:0,&quot;335551550&quot;:6,&quot;335551620&quot;:6,&quot;335559739&quot;:0,&quot;335559740&quot;:240}\">\u00a0<\/span><\/p>\n<p>&nbsp;<\/p>\n","protected":false},"excerpt":{"rendered":"<p>Por: Rafael R. Ram\u00edrez Ferreira\u00a0 Cuando las mentiras unen a la gente,\u00a0 la verdad los&#8230;<\/p>\n","protected":false},"author":3,"featured_media":3325,"comment_status":"open","ping_status":"open","sticky":false,"template":"","format":"standard","meta":{"footnotes":""},"categories":[7],"tags":[],"class_list":["post-3324","post","type-post","status-publish","format-standard","has-post-thumbnail","hentry","category-opiniones"],"_links":{"self":[{"href":"https:\/\/elviajero.com.do\/index.php\/wp-json\/wp\/v2\/posts\/3324","targetHints":{"allow":["GET"]}}],"collection":[{"href":"https:\/\/elviajero.com.do\/index.php\/wp-json\/wp\/v2\/posts"}],"about":[{"href":"https:\/\/elviajero.com.do\/index.php\/wp-json\/wp\/v2\/types\/post"}],"author":[{"embeddable":true,"href":"https:\/\/elviajero.com.do\/index.php\/wp-json\/wp\/v2\/users\/3"}],"replies":[{"embeddable":true,"href":"https:\/\/elviajero.com.do\/index.php\/wp-json\/wp\/v2\/comments?post=3324"}],"version-history":[{"count":1,"href":"https:\/\/elviajero.com.do\/index.php\/wp-json\/wp\/v2\/posts\/3324\/revisions"}],"predecessor-version":[{"id":3326,"href":"https:\/\/elviajero.com.do\/index.php\/wp-json\/wp\/v2\/posts\/3324\/revisions\/3326"}],"wp:featuredmedia":[{"embeddable":true,"href":"https:\/\/elviajero.com.do\/index.php\/wp-json\/wp\/v2\/media\/3325"}],"wp:attachment":[{"href":"https:\/\/elviajero.com.do\/index.php\/wp-json\/wp\/v2\/media?parent=3324"}],"wp:term":[{"taxonomy":"category","embeddable":true,"href":"https:\/\/elviajero.com.do\/index.php\/wp-json\/wp\/v2\/categories?post=3324"},{"taxonomy":"post_tag","embeddable":true,"href":"https:\/\/elviajero.com.do\/index.php\/wp-json\/wp\/v2\/tags?post=3324"}],"curies":[{"name":"wp","href":"https:\/\/api.w.org\/{rel}","templated":true}]}}