{"id":3351,"date":"2026-01-23T17:52:12","date_gmt":"2026-01-23T21:52:12","guid":{"rendered":"https:\/\/elviajero.com.do\/?p=3351"},"modified":"2026-01-23T17:52:20","modified_gmt":"2026-01-23T21:52:20","slug":"del-arroz-a-la-gestion-publica-oliverio-espaillat-llega-a-agricultura","status":"publish","type":"post","link":"https:\/\/elviajero.com.do\/index.php\/2026\/01\/23\/del-arroz-a-la-gestion-publica-oliverio-espaillat-llega-a-agricultura\/","title":{"rendered":"Del arroz a la gesti\u00f3n p\u00fablica: Oliverio Espaillat llega a Agricultura"},"content":{"rendered":"<p><strong>\u00a0Por: Lucy Payano <\/strong><\/p>\n<p>En los caminos de tierra, donde el d\u00eda comienza antes del amanecer, la noticia del nuevo ministro de Agricultura no se recibi\u00f3 como un titular m\u00e1s. Para muchos productores y comunidades rurales, la llegada de Oliverio Espaillat abre la posibilidad de reencontrarse con una forma de dirigir que entiende el campo no como una estad\u00edstica, sino como una forma de vida. Surge la esperanza de ser escuchados sin intermediarios y de que las decisiones respondan a lo que realmente ocurre entre la siembra y la cosecha.<\/p>\n<p>El campo dominicano, base silenciosa de la alimentaci\u00f3n y del trabajo rural, no pide privilegios ni promesas grandilocuentes. Pide comprensi\u00f3n. Pide que quien decide conozca el peso de una mala temporada, la incertidumbre del clima y la responsabilidad que implica producir alimentos para todo un pa\u00eds. Que entienda que detr\u00e1s de cada cultivo hay historias de esfuerzo, familias que dependen de una cosecha y comunidades que se sostienen incluso cuando las condiciones no acompa\u00f1an.<\/p>\n<p><strong>Un ministro con ra\u00edces en la tierra<\/strong><\/p>\n<p>Hablar de Oliverio Espaillat es hablar de alguien que ha vivido el campo desde la experiencia cotidiana. Ingeniero agr\u00f3nomo y productor, con m\u00e1s de tres d\u00e9cadas de trayectoria, su camino se ha forjado junto a otros agricultores, especialmente en el sector arrocero, donde conoce de primera mano los retos productivos, los costos, las p\u00e9rdidas y la necesidad de modernizar sin perder el sentido humano. Su recorrido no se define solo por cargos o proyectos, sino por la credibilidad que ha ganado entre quienes trabajan la tierra.<\/p>\n<p><strong>Retos y expectativas del campo<\/strong><\/p>\n<p>Hoy el campo necesita m\u00e1s que planes bien estructurados. Requiere reglas claras para comercializar, acompa\u00f1amiento t\u00e9cnico oportuno y una visi\u00f3n capaz de responder, tanto al clima cambiante como a las exigencias del mercado. Pero, sobre todo, necesita que las pol\u00edticas se piensen desde la producci\u00f3n agr\u00edcola. Modernizar es indispensable, s\u00ed, pero hacerlo sin romper el v\u00ednculo con el peque\u00f1o y mediano productor que ha sostenido la producci\u00f3n con esfuerzo constante.<\/p>\n<p><strong>Una gesti\u00f3n cercana al campo.<\/strong><\/p>\n<p>Gobernar desde el campo es permanecer en la vida cotidiana de quienes producen. Es escuchar con paciencia, entender los tiempos de la agricultura y asumir que cada decisi\u00f3n impacta directamente en miles de familias. Es reconocer que el campo no es solo productividad: es identidad, estabilidad social y futuro.<\/p>\n<p><strong>El sello de su llegada.<\/strong><\/p>\n<p>El verdadero impacto de Oliverio Espaillat como ministro no estar\u00e1 en los discursos, sino en la confianza que logre construir con el productor y en su capacidad de convertir la experiencia en decisiones sensatas. Su trato cercano, su manera directa y el respeto con que se relaciona con la gente del campo le otorgan una legitimidad que no se improvisa.<\/p>\n<p>Sin dudas, para el sector arrocero, su llegada representa una oportunidad concreta de seguir avanzando con mayor coherencia. Es un productor que conoce el cultivo, entiende los ciclos y sabe lo que implica sostener una cosecha en medio de incertidumbres.<\/p>\n<p>Cuando quien dirige ha sembrado, ha esperado resultados y ha asumido riesgos, sabe que cada decisi\u00f3n nace de la experiencia. Cuando esa vivencia se transforma en gesti\u00f3n, la agricultura dominicana encuentra un respaldo firme para crecer y reafirmarse como motor de esperanza y garant\u00eda de seguridad alimentaria para nuestro pa\u00eds.<\/p>\n<p><strong>El camino apenas comienza<\/strong><\/p>\n<p>Con Oliverio Espaillat al frente, el campo dominicano no solo espera ser administrado: espera ser transformado con visi\u00f3n y cercan\u00eda.<\/p>\n<p>La semilla de esta gesti\u00f3n ya ha sido plantada en tierra f\u00e9rtil; ahora, el pa\u00eds observa con atenci\u00f3n, anticipando una cosecha hist\u00f3rica donde la prosperidad del productor se convierta en el verdadero indicador del \u00e9xito nacional.<\/p>\n<p>&nbsp;<\/p>\n<p>&nbsp;<\/p>\n","protected":false},"excerpt":{"rendered":"<p>\u00a0Por: Lucy Payano En los caminos de tierra, donde el d\u00eda comienza antes del amanecer,&#8230;<\/p>\n","protected":false},"author":3,"featured_media":3352,"comment_status":"open","ping_status":"open","sticky":false,"template":"","format":"standard","meta":{"footnotes":""},"categories":[7],"tags":[],"class_list":["post-3351","post","type-post","status-publish","format-standard","has-post-thumbnail","hentry","category-opiniones"],"_links":{"self":[{"href":"https:\/\/elviajero.com.do\/index.php\/wp-json\/wp\/v2\/posts\/3351","targetHints":{"allow":["GET"]}}],"collection":[{"href":"https:\/\/elviajero.com.do\/index.php\/wp-json\/wp\/v2\/posts"}],"about":[{"href":"https:\/\/elviajero.com.do\/index.php\/wp-json\/wp\/v2\/types\/post"}],"author":[{"embeddable":true,"href":"https:\/\/elviajero.com.do\/index.php\/wp-json\/wp\/v2\/users\/3"}],"replies":[{"embeddable":true,"href":"https:\/\/elviajero.com.do\/index.php\/wp-json\/wp\/v2\/comments?post=3351"}],"version-history":[{"count":1,"href":"https:\/\/elviajero.com.do\/index.php\/wp-json\/wp\/v2\/posts\/3351\/revisions"}],"predecessor-version":[{"id":3353,"href":"https:\/\/elviajero.com.do\/index.php\/wp-json\/wp\/v2\/posts\/3351\/revisions\/3353"}],"wp:featuredmedia":[{"embeddable":true,"href":"https:\/\/elviajero.com.do\/index.php\/wp-json\/wp\/v2\/media\/3352"}],"wp:attachment":[{"href":"https:\/\/elviajero.com.do\/index.php\/wp-json\/wp\/v2\/media?parent=3351"}],"wp:term":[{"taxonomy":"category","embeddable":true,"href":"https:\/\/elviajero.com.do\/index.php\/wp-json\/wp\/v2\/categories?post=3351"},{"taxonomy":"post_tag","embeddable":true,"href":"https:\/\/elviajero.com.do\/index.php\/wp-json\/wp\/v2\/tags?post=3351"}],"curies":[{"name":"wp","href":"https:\/\/api.w.org\/{rel}","templated":true}]}}