{"id":3374,"date":"2026-01-25T16:39:15","date_gmt":"2026-01-25T20:39:15","guid":{"rendered":"https:\/\/elviajero.com.do\/?p=3374"},"modified":"2026-01-25T16:42:10","modified_gmt":"2026-01-25T20:42:10","slug":"consul-de-rd-en-ny-encabeza-ofrenda-floral-en-honor-a-duarte-y-llama-a-reflexionar-sobre-su-vida-y-obra","status":"publish","type":"post","link":"https:\/\/elviajero.com.do\/index.php\/2026\/01\/25\/consul-de-rd-en-ny-encabeza-ofrenda-floral-en-honor-a-duarte-y-llama-a-reflexionar-sobre-su-vida-y-obra\/","title":{"rendered":"C\u00f3nsul de RD en NY encabeza ofrenda floral en honor a Duarte y llama a reflexionar sobre su vida y obra"},"content":{"rendered":"<p>NUEVA YORK.-<\/p>\n<p>El c\u00f3nsul general de la Rep\u00fablica Dominicana en Nueva York, Jesus Vasquez Martinez (Chu), exhort\u00f3 a los dominicanos a tomar en cuenta la celebraci\u00f3n del 213 aniversario del natalicio de Juan Pablo Duarte, para reflexionar sobre lo que fueron sus figura, pensamiento, vida y obra.<\/p>\n<p>Vasquez Martinez hizo la exhortaci\u00f3n durante una solemne ceremonia en honor al fundador de la naci\u00f3n dominicana, frente a la estatua\u00a0 del patricio localizada en la calle Canal con Avenida Las Am\u00e9ricas (Sexta Avenida).<\/p>\n<p>La actividad estuvo cargada de civismo, identidad nacional y profundo sentido patri\u00f3tico, y cont\u00f3 con la presencia de la embajadora alterna ante la Organizaci\u00f3n de las Naciones Unidas (ONU),\u00a0 Alejandra Hernandez, representantes del INDEX, el ministerio de cultura y organizaciones c\u00edvicas y comunitarias.<\/p>\n<p>El c\u00f3nsul Vasquez Martinez, quien estuvo acompa\u00f1ado por su esposa, se\u00f1ora Divina Marte de Vasquez, agradeci\u00f3 a los asistentes al acto en honor a Juan Pablo Duarte que no obstante las bajas temperaturas, se trasladaron a la parte baja de Manhattan a rendirle tributo al m\u00e1s noble e ilustre dominicano, al cumplirse este lunes 26 de enero 213 a\u00f1os de su nacimiento.<\/p>\n<p>Asimismo, resalt\u00f3 la presencia de directivos y miembros del Instituto Duartiano de Estados Unidos \"por mantener vivo aqu\u00ed en la ciudad de Nueva York los ideales duartianos y que en cada instante est\u00e1n presentes en todas las actividades que sirven como base para sustentaci\u00f3n de una naci\u00f3n como la so\u00f1\u00f3 Duarte\".<\/p>\n<p><img loading=\"lazy\" decoding=\"async\" class=\"alignnone size-large wp-image-3378\" src=\"https:\/\/elviajero.com.do\/wp-content\/uploads\/2026\/01\/IMG-20260124-WA0080-2-1024x763.jpg\" alt=\"\" width=\"640\" height=\"477\" srcset=\"https:\/\/elviajero.com.do\/wp-content\/uploads\/2026\/01\/IMG-20260124-WA0080-2-1024x763.jpg 1024w, https:\/\/elviajero.com.do\/wp-content\/uploads\/2026\/01\/IMG-20260124-WA0080-2-300x224.jpg 300w, https:\/\/elviajero.com.do\/wp-content\/uploads\/2026\/01\/IMG-20260124-WA0080-2-768x572.jpg 768w, https:\/\/elviajero.com.do\/wp-content\/uploads\/2026\/01\/IMG-20260124-WA0080-2.jpg 1280w\" sizes=\"auto, (max-width: 640px) 100vw, 640px\" \/><\/p>\n<p>Dijo que es importante y loable el esfuerzo, dedicaci\u00f3n, consagraci\u00f3n y trabajo de miles de dominicanos para mantener presente el pensamiento duartiano.<\/p>\n<p>El consulado hab\u00eda programado la actividad para el lunes 26 de enero, d\u00eda cuando se celebra el natalicio del fundador de la naci\u00f3n, pero se realiz\u00f3 este s\u00e1bado debido a los pron\u00f3sticos meteorol\u00f3gicos de que se espera caigan al menos dos pies de nieve en las regiones nordeste y noroeste de Estados Unidos.<\/p>\n<p>La ofrenda floral represent\u00f3 un espacio de reflexi\u00f3n y reafirmaci\u00f3n del orgullo nacional, recordando que la patria se construye d\u00eda a d\u00eda con principios firmes, amor a la patria y respeto a los ideales democr\u00e1ticos por los que Duarte entreg\u00f3 su vida.<\/p>\n<p>El Consulado General de la Rep\u00fablica Dominicana\u00a0 en Nueva York reitero, a trav\u00e9s de la ceremonia en honor a Juan Pablo Duarte, su compromiso de preservar la memoria hist\u00f3rica, honrar las ra\u00edces nacionales y promover el fortalecimiento de la identidad dominicana en el exterior.<\/p>\n<p>&nbsp;<\/p>\n","protected":false},"excerpt":{"rendered":"<p>NUEVA YORK.- El c\u00f3nsul general de la Rep\u00fablica Dominicana en Nueva York, Jesus Vasquez Martinez&#8230;<\/p>\n","protected":false},"author":3,"featured_media":3375,"comment_status":"open","ping_status":"open","sticky":false,"template":"","format":"standard","meta":{"footnotes":""},"categories":[8,5],"tags":[],"class_list":["post-3374","post","type-post","status-publish","format-standard","has-post-thumbnail","hentry","category-dominicanos-en-el-exterior","category-portada"],"_links":{"self":[{"href":"https:\/\/elviajero.com.do\/index.php\/wp-json\/wp\/v2\/posts\/3374","targetHints":{"allow":["GET"]}}],"collection":[{"href":"https:\/\/elviajero.com.do\/index.php\/wp-json\/wp\/v2\/posts"}],"about":[{"href":"https:\/\/elviajero.com.do\/index.php\/wp-json\/wp\/v2\/types\/post"}],"author":[{"embeddable":true,"href":"https:\/\/elviajero.com.do\/index.php\/wp-json\/wp\/v2\/users\/3"}],"replies":[{"embeddable":true,"href":"https:\/\/elviajero.com.do\/index.php\/wp-json\/wp\/v2\/comments?post=3374"}],"version-history":[{"count":3,"href":"https:\/\/elviajero.com.do\/index.php\/wp-json\/wp\/v2\/posts\/3374\/revisions"}],"predecessor-version":[{"id":3379,"href":"https:\/\/elviajero.com.do\/index.php\/wp-json\/wp\/v2\/posts\/3374\/revisions\/3379"}],"wp:featuredmedia":[{"embeddable":true,"href":"https:\/\/elviajero.com.do\/index.php\/wp-json\/wp\/v2\/media\/3375"}],"wp:attachment":[{"href":"https:\/\/elviajero.com.do\/index.php\/wp-json\/wp\/v2\/media?parent=3374"}],"wp:term":[{"taxonomy":"category","embeddable":true,"href":"https:\/\/elviajero.com.do\/index.php\/wp-json\/wp\/v2\/categories?post=3374"},{"taxonomy":"post_tag","embeddable":true,"href":"https:\/\/elviajero.com.do\/index.php\/wp-json\/wp\/v2\/tags?post=3374"}],"curies":[{"name":"wp","href":"https:\/\/api.w.org\/{rel}","templated":true}]}}