{"id":3441,"date":"2026-01-28T17:07:17","date_gmt":"2026-01-28T21:07:17","guid":{"rendered":"https:\/\/elviajero.com.do\/?p=3441"},"modified":"2026-01-28T17:07:39","modified_gmt":"2026-01-28T21:07:39","slug":"desaparece-avion-comercial-con-15-personas-a-bordo-en-el-noreste-de-colombia","status":"publish","type":"post","link":"https:\/\/elviajero.com.do\/index.php\/2026\/01\/28\/desaparece-avion-comercial-con-15-personas-a-bordo-en-el-noreste-de-colombia\/","title":{"rendered":"Desaparece avi\u00f3n comercial con 15 personas a bordo en el noreste de Colombia"},"content":{"rendered":"<p>&nbsp;<\/p>\n<p>Fuente- El Universal de Caracas<\/p>\n<p>Un avi\u00f3n comercial, con 15 personas a bordo \u201413 pasajeros y dos tripulantes\u2014, desapareci\u00f3 en el departamento de Norte de Santander, al noreste de Colombia.<\/p>\n<p>La aeronave, un Beechcraft 1900 de la aerol\u00ednea Satena identificada con la matr\u00edcula HK4709, realizaba el trayecto entre C\u00facuta, capital de ese departamento, y Oca\u00f1a, tras haber cumplido una ruta inicial desde el aeropuerto Olaya Herrera de Medell\u00edn, en Antioquia, recoge Blu Radio.<\/p>\n<p>La aerol\u00ednea detall\u00f3 que el vuelo despeg\u00f3 de C\u00facuta a las 11:42 de la ma\u00f1ana [hora local] y ten\u00eda previsto aterrizar en el aeropuerto Aguas Claras de Oca\u00f1a a las 12:05 del mediod\u00eda. \"Report\u00f3 su \u00faltimo contacto con el control de tr\u00e1fico a\u00e9reo a las 11:54 a.m.\", indic\u00f3 la empresa mediante un comunicado.<\/p>\n<p>Entre los pasajeros de la aeronave se cuentan al congresista Di\u00f3genes Quintero y el candidato a la C\u00e1mara de Representantes Carlos Salcedo, recoge El Tiempo.<br \/>\n<strong>Activados<\/strong><\/p>\n<p>La ministra de Transporte, Mar\u00eda Fernanda Rojas, inform\u00f3, a trav\u00e9s de su cuenta en X, que la Direcci\u00f3n de Investigaci\u00f3n de Accidentes de Aeron\u00e1utica Civil \"se encuentra recogiendo informaci\u00f3n respecto a la p\u00e9rdida de comunicaci\u00f3n de la aeronave\".<\/p>\n<p>&nbsp;<\/p>\n","protected":false},"excerpt":{"rendered":"<p>&nbsp; Fuente- El Universal de Caracas Un avi\u00f3n comercial, con 15 personas a bordo \u201413&#8230;<\/p>\n","protected":false},"author":3,"featured_media":3442,"comment_status":"open","ping_status":"open","sticky":false,"template":"","format":"standard","meta":{"footnotes":""},"categories":[4,5],"tags":[],"class_list":["post-3441","post","type-post","status-publish","format-standard","has-post-thumbnail","hentry","category-internacionales","category-portada"],"_links":{"self":[{"href":"https:\/\/elviajero.com.do\/index.php\/wp-json\/wp\/v2\/posts\/3441","targetHints":{"allow":["GET"]}}],"collection":[{"href":"https:\/\/elviajero.com.do\/index.php\/wp-json\/wp\/v2\/posts"}],"about":[{"href":"https:\/\/elviajero.com.do\/index.php\/wp-json\/wp\/v2\/types\/post"}],"author":[{"embeddable":true,"href":"https:\/\/elviajero.com.do\/index.php\/wp-json\/wp\/v2\/users\/3"}],"replies":[{"embeddable":true,"href":"https:\/\/elviajero.com.do\/index.php\/wp-json\/wp\/v2\/comments?post=3441"}],"version-history":[{"count":2,"href":"https:\/\/elviajero.com.do\/index.php\/wp-json\/wp\/v2\/posts\/3441\/revisions"}],"predecessor-version":[{"id":3444,"href":"https:\/\/elviajero.com.do\/index.php\/wp-json\/wp\/v2\/posts\/3441\/revisions\/3444"}],"wp:featuredmedia":[{"embeddable":true,"href":"https:\/\/elviajero.com.do\/index.php\/wp-json\/wp\/v2\/media\/3442"}],"wp:attachment":[{"href":"https:\/\/elviajero.com.do\/index.php\/wp-json\/wp\/v2\/media?parent=3441"}],"wp:term":[{"taxonomy":"category","embeddable":true,"href":"https:\/\/elviajero.com.do\/index.php\/wp-json\/wp\/v2\/categories?post=3441"},{"taxonomy":"post_tag","embeddable":true,"href":"https:\/\/elviajero.com.do\/index.php\/wp-json\/wp\/v2\/tags?post=3441"}],"curies":[{"name":"wp","href":"https:\/\/api.w.org\/{rel}","templated":true}]}}