{"id":3468,"date":"2026-01-29T16:17:30","date_gmt":"2026-01-29T20:17:30","guid":{"rendered":"https:\/\/elviajero.com.do\/?p=3468"},"modified":"2026-01-29T16:18:08","modified_gmt":"2026-01-29T20:18:08","slug":"desahogos-solo-eso-sin-pretension-alguna-porque-hoy-en-dia-quien-miente-es-amado-y-quien-dice-la-verdad-es-odiado","status":"publish","type":"post","link":"https:\/\/elviajero.com.do\/index.php\/2026\/01\/29\/desahogos-solo-eso-sin-pretension-alguna-porque-hoy-en-dia-quien-miente-es-amado-y-quien-dice-la-verdad-es-odiado\/","title":{"rendered":"Desahogos, solo eso, sin pretensi\u00f3n alguna\u00a0Porque: \u201cHoy en d\u00eda, quien miente es amado y, quien dice la verdad, es odiado\u201d\u00a0"},"content":{"rendered":"<p>&nbsp;<\/p>\n<p><span data-contrast=\"auto\">Por: Rafael R. Ram\u00edrez Ferrer\u00edas\u00a0<\/span><\/p>\n<p><span data-contrast=\"auto\">El que aprende y aprende y no<\/span><span data-ccp-props=\"{&quot;201341983&quot;:0,&quot;335551550&quot;:3,&quot;335551620&quot;:3,&quot;335559739&quot;:0,&quot;335559740&quot;:240}\">\u00a0<\/span><\/p>\n<p><span data-contrast=\"auto\">practica lo que sabe, es como<\/span><span data-ccp-props=\"{&quot;201341983&quot;:0,&quot;335551550&quot;:3,&quot;335551620&quot;:3,&quot;335559739&quot;:0,&quot;335559740&quot;:240}\">\u00a0<\/span><\/p>\n<p><span data-contrast=\"auto\">el que ara y ara y no siembra.<\/span><span data-ccp-props=\"{&quot;201341983&quot;:0,&quot;335551550&quot;:3,&quot;335551620&quot;:3,&quot;335559739&quot;:0,&quot;335559740&quot;:240}\">\u00a0<\/span><\/p>\n<p><span data-contrast=\"auto\">Plat\u00f3n.<\/span><span data-ccp-props=\"{&quot;201341983&quot;:0,&quot;335551550&quot;:3,&quot;335551620&quot;:3,&quot;335559739&quot;:0,&quot;335559740&quot;:240}\">\u00a0<\/span><\/p>\n<p><span data-contrast=\"auto\">Hoy nos viene en ganas, con el \u00fanico fin de buscar un alivio interior, exteriorizar algunas cosas que, poco a poco nos han ido transformando en algo raro, inconcebible como naci\u00f3n, y, que nos lleva por el camino que m\u00e1s adelante solo ser\u00e1 reemplazado por lamentos, tendentes a encubrir nuestra cobard\u00eda para llamar a las cosas como son.<\/span><span data-ccp-props=\"{&quot;201341983&quot;:0,&quot;335551550&quot;:6,&quot;335551620&quot;:6,&quot;335559739&quot;:0,&quot;335559740&quot;:240}\">\u00a0<\/span><\/p>\n<p><span data-contrast=\"auto\">Si hablamos de justicia, quiz\u00e1s, por ah\u00ed ha comenzado el problema. No son las faltas de pruebas para condenar los hechos, si no, el exceso de estas que el mostrenco y bien promocionado C\u00f3digo, elaborado por los mismos de siempre, aun y est\u00e9n cerca de la tumba, exige de manera absurda y obstructiva, creando un muro para que nadie llegue a ser condenado, principalmente, en lo referente a todos aquellos que son poderosos, ya sean en funciones o dinero, porque en cuanto a los desarropados, en contados d\u00edas, son condenados sin ning\u00fan problema.<\/span><span data-ccp-props=\"{&quot;201341983&quot;:0,&quot;335551550&quot;:6,&quot;335551620&quot;:6,&quot;335559739&quot;:0,&quot;335559740&quot;:240}\">\u00a0<\/span><\/p>\n<p><span data-contrast=\"auto\">En realidad, hay que ser un excelente prestidigitador con cabeza fr\u00eda, nervios de acero y rezumar autoconfianza, ante la vulpina sonrisa (burla) de estos pol\u00edticos, para no desgraciarse la vida ante hechos que la mayor\u00eda de este pueblo ha estado consintiendo de manera sumisa y, por encima de eso, ser optimista ante un futuro incierto a\u00fan y todas las premisas indican que ser\u00eda un error pronosticar que, en alg\u00fan momento, no suceda una real desgracia institucional en este pueblo, condenado desde sus or\u00edgenes, a cambiar oro por espejito.<\/span><span data-ccp-props=\"{&quot;201341983&quot;:0,&quot;335551550&quot;:6,&quot;335551620&quot;:6,&quot;335559739&quot;:0,&quot;335559740&quot;:240}\">\u00a0<\/span><\/p>\n<p><span data-contrast=\"auto\">No se quiere entender, que el vivir una mentira con las estad\u00edsticas, constituye la base principal para solo complacer los deseos de los que habitan en la c\u00faspide. Por eso, en su gran mayor\u00eda, estos pol\u00edticos son incipientes, que se pasan el tiempo cazcaleando, disfrazando los problemas por ignorar el c\u00f3mo resolverlos y todo, principalmente, por su ego, su prepotencia y falta de humildad para admitir sus ignorancias. Por dem\u00e1s, pareciese que, de alguna manera, han hecho un contrato con el mismo Satan\u00e1s, para pasar por alto todas las cuestiones \u00e9ticas o morales sin que se produzca ning\u00fan hecho de penalidad contra ellos.\u00a0<\/span><span data-ccp-props=\"{&quot;201341983&quot;:0,&quot;335551550&quot;:6,&quot;335551620&quot;:6,&quot;335559739&quot;:0,&quot;335559740&quot;:240}\">\u00a0<\/span><\/p>\n<p><span data-contrast=\"auto\">Bastar\u00eda con ver algunos problemas que, de una u otra manera,\u00a0 tienen que ver con su aversi\u00f3n a todo aquello que implique cierto tipo de dignidad o decoro, como ese problema pol\u00edtico -porque es un problema pol\u00edtico- del Km 9 de la autopista Duarte, donde, a pesar de los miles de millones gastados, se mantiene casi el mismo problema, producto del clientelismo pol\u00edtico y la impunidad ante determinados \u201cOnorables\u201d para aplicarles las medidas que son saludables para la gran mayor\u00eda de los ciudadanos.<\/span><span data-ccp-props=\"{&quot;201341983&quot;:0,&quot;335551550&quot;:6,&quot;335551620&quot;:6,&quot;335559739&quot;:0,&quot;335559740&quot;:240}\">\u00a0<\/span><\/p>\n<p><span data-contrast=\"auto\">Una vez le\u00edmos que, cuando una persona dice muchas veces que crean en \u00e9l, lo mejor es no creer, y es que los fun\u00e9reos pol\u00edticos, desde que asesinaron a Trujillo, han encontrado en el Estado su botija, su Potos\u00ed, y, el legado pol\u00edtico-econ\u00f3mico para su prole, todo esto con un descaro e impunidad que simplemente duele y apesta.<\/span><span data-ccp-props=\"{&quot;201341983&quot;:0,&quot;335551550&quot;:6,&quot;335551620&quot;:6,&quot;335559739&quot;:0,&quot;335559740&quot;:240}\">\u00a0<\/span><\/p>\n<p><span data-contrast=\"auto\">Y, sin muchos rodeos, tenemos que admitir que todas nuestras desgracias son y han sido por la permisividad en el cumplimiento de las leyes que, al inicio, parecen inofensivas, pero, que al final, nos conducen al vac\u00edo institucional. Como muestra un bot\u00f3n; el famoso concho, cuando dejaron de usar sus placas publicas y las autoridades para estar c\u00f3nsonas con el deseo de los pobres de familia, en una acci\u00f3n cobarde y clientelista, hasta han dejado de elaborarla y exigirla, y hoy, las consecuencias de esa acci\u00f3n han sido funestas. \u00bfO no? \u00a1S\u00ed se\u00f1or!<\/span><span data-ccp-props=\"{&quot;201341983&quot;:0,&quot;335551550&quot;:6,&quot;335551620&quot;:6,&quot;335559739&quot;:0,&quot;335559740&quot;:240}\">\u00a0<\/span><\/p>\n<p><span data-ccp-props=\"{&quot;201341983&quot;:0,&quot;335551550&quot;:6,&quot;335551620&quot;:6,&quot;335559739&quot;:0,&quot;335559740&quot;:240}\">\u00a0<\/span><\/p>\n<p><span data-contrast=\"auto\">\u00a0<\/span><span data-ccp-props=\"{&quot;201341983&quot;:0,&quot;335551550&quot;:6,&quot;335551620&quot;:6,&quot;335559739&quot;:0,&quot;335559740&quot;:240}\">\u00a0<\/span><\/p>\n","protected":false},"excerpt":{"rendered":"<p>&nbsp; Por: Rafael R. Ram\u00edrez Ferrer\u00edas\u00a0 El que aprende y aprende y no\u00a0 practica lo&#8230;<\/p>\n","protected":false},"author":3,"featured_media":3469,"comment_status":"open","ping_status":"open","sticky":false,"template":"","format":"standard","meta":{"footnotes":""},"categories":[7],"tags":[],"class_list":["post-3468","post","type-post","status-publish","format-standard","has-post-thumbnail","hentry","category-opiniones"],"_links":{"self":[{"href":"https:\/\/elviajero.com.do\/index.php\/wp-json\/wp\/v2\/posts\/3468","targetHints":{"allow":["GET"]}}],"collection":[{"href":"https:\/\/elviajero.com.do\/index.php\/wp-json\/wp\/v2\/posts"}],"about":[{"href":"https:\/\/elviajero.com.do\/index.php\/wp-json\/wp\/v2\/types\/post"}],"author":[{"embeddable":true,"href":"https:\/\/elviajero.com.do\/index.php\/wp-json\/wp\/v2\/users\/3"}],"replies":[{"embeddable":true,"href":"https:\/\/elviajero.com.do\/index.php\/wp-json\/wp\/v2\/comments?post=3468"}],"version-history":[{"count":1,"href":"https:\/\/elviajero.com.do\/index.php\/wp-json\/wp\/v2\/posts\/3468\/revisions"}],"predecessor-version":[{"id":3470,"href":"https:\/\/elviajero.com.do\/index.php\/wp-json\/wp\/v2\/posts\/3468\/revisions\/3470"}],"wp:featuredmedia":[{"embeddable":true,"href":"https:\/\/elviajero.com.do\/index.php\/wp-json\/wp\/v2\/media\/3469"}],"wp:attachment":[{"href":"https:\/\/elviajero.com.do\/index.php\/wp-json\/wp\/v2\/media?parent=3468"}],"wp:term":[{"taxonomy":"category","embeddable":true,"href":"https:\/\/elviajero.com.do\/index.php\/wp-json\/wp\/v2\/categories?post=3468"},{"taxonomy":"post_tag","embeddable":true,"href":"https:\/\/elviajero.com.do\/index.php\/wp-json\/wp\/v2\/tags?post=3468"}],"curies":[{"name":"wp","href":"https:\/\/api.w.org\/{rel}","templated":true}]}}