{"id":4026,"date":"2026-03-05T16:48:20","date_gmt":"2026-03-05T20:48:20","guid":{"rendered":"https:\/\/elviajero.com.do\/?p=4026"},"modified":"2026-03-05T16:48:20","modified_gmt":"2026-03-05T20:48:20","slug":"arajet-recibe-su-nuevo-avion-14-salto-de-jimenoa","status":"publish","type":"post","link":"https:\/\/elviajero.com.do\/index.php\/2026\/03\/05\/arajet-recibe-su-nuevo-avion-14-salto-de-jimenoa\/","title":{"rendered":"Arajet recibe su nuevo avi\u00f3n 14 \u00abSalto de Jimenoa\u00bb"},"content":{"rendered":"<p><strong>\u00a0<\/strong><\/p>\n<p><strong>Santo Domingo.<\/strong>\u2013Rep\u00fablica Dominicana<\/p>\n<p>La aerol\u00ednea dominicana <strong>Arajet<\/strong> anunci\u00f3 la incorporaci\u00f3n de una nueva aeronave a su flota, alcanzando un total de 14 aviones en operaci\u00f3n.<\/p>\n<p>El nuevo equipo, un <strong>Boeing 737 MAX 8<\/strong>, lleg\u00f3 al pa\u00eds a trav\u00e9s del <strong>Aeropuerto Internacional de Las Am\u00e9ricas<\/strong> y fue bautizado con el nombre <strong>\u201cSalto de Jimenoa\u201d<\/strong>, en homenaje al reconocido atractivo natural ubicado en <strong>Jarabacoa<\/strong>.<\/p>\n<p>Con este nombramiento, la aerol\u00ednea contin\u00faa su iniciativa de identificar sus aeronaves con lugares emblem\u00e1ticos del patrimonio natural dominicano, con el objetivo de proyectar internacionalmente estos destinos y destacar la riqueza ambiental del pa\u00eds.<\/p>\n<p>El <strong>Salto de Jimenoa<\/strong> es uno de los principales atractivos tur\u00edsticos de la zona monta\u00f1osa de Jarabacoa. Sus cascadas y senderos rodeados de abundante vegetaci\u00f3n lo convierten en un punto de referencia para el ecoturismo y las actividades de aventura en la regi\u00f3n.<\/p>\n<p>Durante el acto, el fundador y director ejecutivo de Arajet, <strong>V\u00edctor Pacheco M\u00e9ndez<\/strong>, destac\u00f3 que la llegada de esta aeronave fortalece la expansi\u00f3n operativa de la empresa y su compromiso con la conectividad a\u00e9rea del pa\u00eds.<\/p>\n<p>Asimismo, el senador de <strong>La Vega<\/strong>, <strong>Rogelio Genao<\/strong>, valor\u00f3 la iniciativa al se\u00f1alar que este tipo de acciones contribuyen a promover los destinos tur\u00edsticos del interior y a posicionar a la Rep\u00fablica Dominicana en el mercado internacional.<\/p>\n<p>Desde el inicio de sus operaciones en 2022, Arajet ha ampliado su red de rutas hacia diversos destinos en Am\u00e9rica y el Caribe, apostando por una flota moderna y eficiente que favorece la conectividad y el crecimiento del turismo en el pa\u00eds.<\/p>\n<p>&nbsp;<\/p>\n","protected":false},"excerpt":{"rendered":"<p>\u00a0 Santo Domingo.\u2013Rep\u00fablica Dominicana La aerol\u00ednea dominicana Arajet anunci\u00f3 la incorporaci\u00f3n de una nueva aeronave&#8230;<\/p>\n","protected":false},"author":3,"featured_media":4027,"comment_status":"open","ping_status":"open","sticky":false,"template":"","format":"standard","meta":{"footnotes":""},"categories":[2,5],"tags":[],"class_list":["post-4026","post","type-post","status-publish","format-standard","has-post-thumbnail","hentry","category-nacionales","category-portada"],"_links":{"self":[{"href":"https:\/\/elviajero.com.do\/index.php\/wp-json\/wp\/v2\/posts\/4026","targetHints":{"allow":["GET"]}}],"collection":[{"href":"https:\/\/elviajero.com.do\/index.php\/wp-json\/wp\/v2\/posts"}],"about":[{"href":"https:\/\/elviajero.com.do\/index.php\/wp-json\/wp\/v2\/types\/post"}],"author":[{"embeddable":true,"href":"https:\/\/elviajero.com.do\/index.php\/wp-json\/wp\/v2\/users\/3"}],"replies":[{"embeddable":true,"href":"https:\/\/elviajero.com.do\/index.php\/wp-json\/wp\/v2\/comments?post=4026"}],"version-history":[{"count":1,"href":"https:\/\/elviajero.com.do\/index.php\/wp-json\/wp\/v2\/posts\/4026\/revisions"}],"predecessor-version":[{"id":4028,"href":"https:\/\/elviajero.com.do\/index.php\/wp-json\/wp\/v2\/posts\/4026\/revisions\/4028"}],"wp:featuredmedia":[{"embeddable":true,"href":"https:\/\/elviajero.com.do\/index.php\/wp-json\/wp\/v2\/media\/4027"}],"wp:attachment":[{"href":"https:\/\/elviajero.com.do\/index.php\/wp-json\/wp\/v2\/media?parent=4026"}],"wp:term":[{"taxonomy":"category","embeddable":true,"href":"https:\/\/elviajero.com.do\/index.php\/wp-json\/wp\/v2\/categories?post=4026"},{"taxonomy":"post_tag","embeddable":true,"href":"https:\/\/elviajero.com.do\/index.php\/wp-json\/wp\/v2\/tags?post=4026"}],"curies":[{"name":"wp","href":"https:\/\/api.w.org\/{rel}","templated":true}]}}