{"id":4042,"date":"2026-03-05T17:43:29","date_gmt":"2026-03-05T21:43:29","guid":{"rendered":"https:\/\/elviajero.com.do\/?p=4042"},"modified":"2026-03-05T17:43:29","modified_gmt":"2026-03-05T21:43:29","slug":"cambios-y-continuidad-en-el-gobierno-del-prm","status":"publish","type":"post","link":"https:\/\/elviajero.com.do\/index.php\/2026\/03\/05\/cambios-y-continuidad-en-el-gobierno-del-prm\/","title":{"rendered":"Cambios y continuidad en el gobierno del PRM"},"content":{"rendered":"<p>Por: Alejandro Santos<\/p>\n<p>El gobierno del PRM, atrapado en sus propias promesas de grandes transformaciones, se enfrenta hoy a la brecha entre las ilusiones que \u00e9l mismo cultiv\u00f3 y la realidad irreverente que impone los l\u00edmites de lo verdaderamente posible.<\/p>\n<p>Despertar grandes expectativas tiene sus trampas: cuando estas se contrastan con los resultados, suelen llegar las decepciones.<\/p>\n<p>Los partidos pol\u00edticos son dados a la grandilocuencia al momento de acu\u00f1ar consignas electorales, como estrategia mercadol\u00f3gica para captar la simpat\u00eda de los votantes. Se recurre a todo tipo de recursos de persuasi\u00f3n para conectar emocionalmente con la ciudadan\u00eda.<\/p>\n<p>El eslogan del \u201ccambio\u201d del PRM se convirti\u00f3, en ese sentido, en una plataforma te\u00f3rica de presentaci\u00f3n destinada a marcar una diferencia con los gobiernos anteriores del PLD.<\/p>\n<p>Si se hiciera un ejercicio de luces y sombras del gobierno del PRM, el balance podr\u00eda esbozarse del siguiente modo.<\/p>\n<p>Las sombras del gobierno de Abinader se distribuyen entre un sistema el\u00e9ctrico que se deteriora y retrocede; un endeudamiento externo creciente; una estructura productiva que enfrenta nuevos desaf\u00edos; una econom\u00eda que pierde dinamismo y comienza a mostrar se\u00f1ales de estancamiento; una tasa de cambio m\u00e1s vol\u00e1til; nuevos casos de corrupci\u00f3n, algunos de los cuales permanecen ocultos; esc\u00e1ndalos vinculados a extradiciones; y una percepci\u00f3n generalizada de ineficiencia en diversos organismos del Estado.<\/p>\n<p>Las luces tienen su mayor \u00e9nfasis en los cambios concentrados en la instauraci\u00f3n de un Ministerio P\u00fablico de mayor independencia funcional, que al inicio de la gesti\u00f3n gener\u00f3 grandes expectativas. Con el paso del tiempo, sin embargo, ha tenido que realizar un esfuerzo considerable para no quedar reducido a la percepci\u00f3n de ser un instrumento utilizado preferentemente con fines pol\u00edticos.<\/p>\n<p>La independencia del procurador general de la Rep\u00fablica sigue condicionada por el hecho de que es designado por el presidente de la Rep\u00fablica. Resulta dif\u00edcil alcanzar una autonom\u00eda plena en tales condiciones.<\/p>\n<p>La reforma integral de la Polic\u00eda Nacional constituye otro de los grandes esfuerzos de cambio. Desde la renovaci\u00f3n del uniforme hasta la formaci\u00f3n y el reclutamiento, son aspectos que alimentan la esperanza de una mejora en el desempe\u00f1o institucional.<\/p>\n<p>Los dem\u00e1s \u00e1mbitos, a nuestro juicio, se mantienen dentro de una l\u00f3gica de continuidad respecto a las administraciones anteriores.<\/p>\n<p>En materia econ\u00f3mica, los objetivos se han centrado en la promesa de generar empleos, mantener la estabilidad macroecon\u00f3mica y atraer inversi\u00f3n extranjera, l\u00edneas de acci\u00f3n similares a las de administraciones pasadas.<\/p>\n<p>En salud, la ampliaci\u00f3n de la cobertura del seguro, el incremento de la poblaci\u00f3n vulnerable incorporada al SENASA y el mejoramiento de hospitales se inscriben dentro de una agenda que podr\u00eda calificarse de rutinaria.<\/p>\n<p>En educaci\u00f3n, la ampliaci\u00f3n de becas y la construcci\u00f3n de nuevas aulas responden igualmente a un prop\u00f3sito de continuidad.<\/p>\n<p>Lo mismo ocurre con las infraestructuras, el transporte y los programas sociales, que se mantienen en un plano de ampliaci\u00f3n o de modificaciones menores.<\/p>\n<p>Proponerse cambios verdaderamente estructurales en nuestro pa\u00eds, desde las propias estructuras de poder socioecon\u00f3mico, resulta sumamente complejo. Los grandes intereses creados se erigen en obst\u00e1culos para cualquier gobierno que pretenda implementar transformaciones profundas.<\/p>\n<p>Mientras tanto, los dominicanos debemos conformarnos con que se preserve un clima de estabilidad econ\u00f3mica y de paz social, dos pilares fundamentales en la vida de cualquier naci\u00f3n.<\/p>\n<p>&nbsp;<\/p>\n","protected":false},"excerpt":{"rendered":"<p>Por: Alejandro Santos El gobierno del PRM, atrapado en sus propias promesas de grandes transformaciones,&#8230;<\/p>\n","protected":false},"author":3,"featured_media":4043,"comment_status":"open","ping_status":"open","sticky":false,"template":"","format":"standard","meta":{"footnotes":""},"categories":[7],"tags":[],"class_list":["post-4042","post","type-post","status-publish","format-standard","has-post-thumbnail","hentry","category-opiniones"],"_links":{"self":[{"href":"https:\/\/elviajero.com.do\/index.php\/wp-json\/wp\/v2\/posts\/4042","targetHints":{"allow":["GET"]}}],"collection":[{"href":"https:\/\/elviajero.com.do\/index.php\/wp-json\/wp\/v2\/posts"}],"about":[{"href":"https:\/\/elviajero.com.do\/index.php\/wp-json\/wp\/v2\/types\/post"}],"author":[{"embeddable":true,"href":"https:\/\/elviajero.com.do\/index.php\/wp-json\/wp\/v2\/users\/3"}],"replies":[{"embeddable":true,"href":"https:\/\/elviajero.com.do\/index.php\/wp-json\/wp\/v2\/comments?post=4042"}],"version-history":[{"count":1,"href":"https:\/\/elviajero.com.do\/index.php\/wp-json\/wp\/v2\/posts\/4042\/revisions"}],"predecessor-version":[{"id":4044,"href":"https:\/\/elviajero.com.do\/index.php\/wp-json\/wp\/v2\/posts\/4042\/revisions\/4044"}],"wp:featuredmedia":[{"embeddable":true,"href":"https:\/\/elviajero.com.do\/index.php\/wp-json\/wp\/v2\/media\/4043"}],"wp:attachment":[{"href":"https:\/\/elviajero.com.do\/index.php\/wp-json\/wp\/v2\/media?parent=4042"}],"wp:term":[{"taxonomy":"category","embeddable":true,"href":"https:\/\/elviajero.com.do\/index.php\/wp-json\/wp\/v2\/categories?post=4042"},{"taxonomy":"post_tag","embeddable":true,"href":"https:\/\/elviajero.com.do\/index.php\/wp-json\/wp\/v2\/tags?post=4042"}],"curies":[{"name":"wp","href":"https:\/\/api.w.org\/{rel}","templated":true}]}}