{"id":4053,"date":"2026-03-07T19:31:51","date_gmt":"2026-03-07T23:31:51","guid":{"rendered":"https:\/\/elviajero.com.do\/?p=4053"},"modified":"2026-03-07T19:32:32","modified_gmt":"2026-03-07T23:32:32","slug":"trump-destaca-amistad-con-republica-dominicana-durante-cumbre-con-abinader-en-florida","status":"publish","type":"post","link":"https:\/\/elviajero.com.do\/index.php\/2026\/03\/07\/trump-destaca-amistad-con-republica-dominicana-durante-cumbre-con-abinader-en-florida\/","title":{"rendered":"\u00a0Trump destaca amistad con Rep\u00fablica Dominicana durante cumbre con Abinader en Florida"},"content":{"rendered":"<p>El presidente de Estados Unidos, Donald Trump, afirm\u00f3 este s\u00e1bado que tiene \u201cmuchos amigos\u201d en la Rep\u00fablica Dominicana al presentar a su hom\u00f3logo dominicano, Luis Abinader, durante una cumbre celebrada en su club de golf en Doral, donde participaron varios mandatarios del hemisferio para debatir sobre seguridad regional, migraci\u00f3n y combate al crimen organizado.<\/p>\n<p>Durante el encuentro, Trump fue presentando uno por uno a los doce l\u00edderes invitados. Al referirse al mandatario dominicano, destac\u00f3 los v\u00ednculos personales que mantiene con el pa\u00eds caribe\u00f1o.<\/p>\n<p>\u201cEl presidente de Rep\u00fablica Dominicana, Luis Abinader. Y muchos de mis amigos est\u00e1n en Rep\u00fablica Dominicana, incluido el \u2018Rey del Az\u00facar\u2019\u201d, expres\u00f3 el gobernante estadounidense ante los presentes.<\/p>\n<p data-start=\"950\" data-end=\"1208\">Previo al inicio de la reuni\u00f3n, ambos mandatarios se saludaron con un apret\u00f3n de manos y sostuvieron una breve conversaci\u00f3n. M\u00e1s tarde, Abinader valor\u00f3 el encuentro y reafirm\u00f3 el compromiso de su gobierno con el fortalecimiento de las relaciones bilaterales.<\/p>\n<p data-start=\"1210\" data-end=\"1442\">\u201cGracias, presidente Donald Trump. La relaci\u00f3n entre Rep\u00fablica Dominicana y Estados Unidos es hist\u00f3rica y seguiremos trabajando juntos para fortalecer la cooperaci\u00f3n entre nuestras naciones\u201d, escribi\u00f3 Abinader en sus redes sociales.<\/p>\n<p data-start=\"1444\" data-end=\"1964\">La cumbre reuni\u00f3 a varios aliados pol\u00edticos de Trump en la regi\u00f3n, entre ellos el presidente de Argentina, Javier Milei; el mandatario de Ecuador, Daniel Noboa; el presidente de El Salvador, Nayib Bukele; y el dirigente hondure\u00f1o Nasry Asfura. Tambi\u00e9n participaron l\u00edderes de Bolivia, Panam\u00e1, Costa Rica, Guyana, Paraguay, Trinidad y Tobago, as\u00ed como el presidente electo de Chile, Jos\u00e9 Antonio Kast.<\/p>\n<p data-start=\"1966\" data-end=\"2361\">En su intervenci\u00f3n, Trump subray\u00f3 que el objetivo central del encuentro es fortalecer la cooperaci\u00f3n regional frente a organizaciones criminales, narcotraficantes y redes consideradas terroristas.<\/p>\n<p>\u00a0\u201cEl coraz\u00f3n de nuestro acuerdo es el compromiso de utilizar fuerza militar letal para destruir estos siniestros c\u00e1rteles y redes terroristas. De una vez por todas, vamos a acabar con ellos\u201d, afirm\u00f3.<\/p>\n<p data-start=\"2363\" data-end=\"2594\">El mandatario estadounidense tambi\u00e9n gener\u00f3 risas entre los asistentes al referirse al idioma espa\u00f1ol. \u201cNo voy a aprender su maldito idioma. No tengo tiempo. Solo denme un buen int\u00e9rprete. El int\u00e9rprete es muy importante\u201d, coment\u00f3.<\/p>\n<p data-start=\"2596\" data-end=\"2802\">Por su parte, Abinader destac\u00f3 que la alianza regional busca fortalecer la cooperaci\u00f3n frente al crimen organizado y reafirm\u00f3 que la Rep\u00fablica Dominicana mantiene su compromiso con la seguridad hemisf\u00e9rica.<\/p>\n<p data-start=\"2804\" data-end=\"3133\">Durante su agenda en Estados Unidos, el jefe de Estado dominicano tambi\u00e9n sostuvo reuniones bilaterales con funcionarios estadounidenses, entre ellos el secretario de Energ\u00eda, Chris Wright, con quien abord\u00f3 iniciativas de cooperaci\u00f3n energ\u00e9tica, desarrollo sostenible y seguridad energ\u00e9tica en la regi\u00f3n.<\/p>\n<p data-start=\"3135\" data-end=\"3277\">Asimismo, Abinader participar\u00e1 en una recepci\u00f3n ofrecida por el secretario de Estado de Estados Unidos, Marco Rubio.<\/p>\n<p data-start=\"3279\" data-end=\"3643\" data-is-last-node=\"\" data-is-only-node=\"\">\n","protected":false},"excerpt":{"rendered":"<p>El presidente de Estados Unidos, Donald Trump, afirm\u00f3 este s\u00e1bado que tiene \u201cmuchos amigos\u201d en&#8230;<\/p>\n","protected":false},"author":3,"featured_media":4054,"comment_status":"open","ping_status":"open","sticky":false,"template":"","format":"standard","meta":{"footnotes":""},"categories":[5],"tags":[],"class_list":["post-4053","post","type-post","status-publish","format-standard","has-post-thumbnail","hentry","category-portada"],"_links":{"self":[{"href":"https:\/\/elviajero.com.do\/index.php\/wp-json\/wp\/v2\/posts\/4053","targetHints":{"allow":["GET"]}}],"collection":[{"href":"https:\/\/elviajero.com.do\/index.php\/wp-json\/wp\/v2\/posts"}],"about":[{"href":"https:\/\/elviajero.com.do\/index.php\/wp-json\/wp\/v2\/types\/post"}],"author":[{"embeddable":true,"href":"https:\/\/elviajero.com.do\/index.php\/wp-json\/wp\/v2\/users\/3"}],"replies":[{"embeddable":true,"href":"https:\/\/elviajero.com.do\/index.php\/wp-json\/wp\/v2\/comments?post=4053"}],"version-history":[{"count":1,"href":"https:\/\/elviajero.com.do\/index.php\/wp-json\/wp\/v2\/posts\/4053\/revisions"}],"predecessor-version":[{"id":4055,"href":"https:\/\/elviajero.com.do\/index.php\/wp-json\/wp\/v2\/posts\/4053\/revisions\/4055"}],"wp:featuredmedia":[{"embeddable":true,"href":"https:\/\/elviajero.com.do\/index.php\/wp-json\/wp\/v2\/media\/4054"}],"wp:attachment":[{"href":"https:\/\/elviajero.com.do\/index.php\/wp-json\/wp\/v2\/media?parent=4053"}],"wp:term":[{"taxonomy":"category","embeddable":true,"href":"https:\/\/elviajero.com.do\/index.php\/wp-json\/wp\/v2\/categories?post=4053"},{"taxonomy":"post_tag","embeddable":true,"href":"https:\/\/elviajero.com.do\/index.php\/wp-json\/wp\/v2\/tags?post=4053"}],"curies":[{"name":"wp","href":"https:\/\/api.w.org\/{rel}","templated":true}]}}