{"id":4059,"date":"2026-03-07T21:43:04","date_gmt":"2026-03-08T01:43:04","guid":{"rendered":"https:\/\/elviajero.com.do\/?p=4059"},"modified":"2026-03-07T21:58:02","modified_gmt":"2026-03-08T01:58:02","slug":"laser-airlines-reanudara-vuelos-directos-entre-caracas-y-santo-domingo-desde-el-18-de-marzo","status":"publish","type":"post","link":"https:\/\/elviajero.com.do\/index.php\/2026\/03\/07\/laser-airlines-reanudara-vuelos-directos-entre-caracas-y-santo-domingo-desde-el-18-de-marzo\/","title":{"rendered":"\u00a0Laser Airlines reanudar\u00e1 vuelos directos entre Caracas y Santo Domingo desde el 18 de marzo"},"content":{"rendered":"<p data-start=\"105\" data-end=\"456\">Santo Domingo, RD.\u2013 \u00a0\u00a07 de marzo 2026<\/p>\n<p>La conectividad a\u00e9rea entre Venezuela y la Rep\u00fablica Dominicana continuar\u00e1 fortaleci\u00e9ndose con la reanudaci\u00f3n de los vuelos directos entre Caracas y Santo Domingo por parte de la aerol\u00ednea venezolana Laser Airlines, que anunci\u00f3 el reinicio de esta ruta internacional a partir del pr\u00f3ximo 18 de marzo de 2026.<\/p>\n<p data-start=\"458\" data-end=\"779\">La compa\u00f1\u00eda inform\u00f3 que la reactivaci\u00f3n del trayecto permitir\u00e1 enlazar nuevamente de forma directa la capital venezolana con la capital dominicana, facilitando el desplazamiento de pasajeros entre ambas naciones y reforzando los v\u00ednculos comerciales, tur\u00edsticos y familiares que hist\u00f3ricamente han mantenido ambos pa\u00edses.<\/p>\n<p data-start=\"781\" data-end=\"1216\">De acuerdo con la informaci\u00f3n divulgada por la aerol\u00ednea, los vuelos partir\u00e1n desde el Aeropuerto Internacional Sim\u00f3n Bol\u00edvar de Maiquet\u00eda con destino a Santo Domingo, estableciendo una operaci\u00f3n regular de tres frecuencias semanales sin escalas.<\/p>\n<p>\u00a0Las salidas estar\u00e1n programadas para los d\u00edas mi\u00e9rcoles, viernes y domingo, lo que permitir\u00e1 a los viajeros contar con opciones de traslado a lo largo de la semana.<\/p>\n<p data-start=\"1218\" data-end=\"1571\">\u00a0El itinerario establecido contempla que las aeronaves despeguen desde Caracas a las 11:30 de la ma\u00f1ana y aterricen en Santo Domingo alrededor de la 1:00 de la tarde. Para el vuelo de regreso, la salida desde territorio dominicano est\u00e1 prevista a las 2:30 de la tarde, con llegada a Maiquet\u00eda a las 4:00 de la tarde.<\/p>\n<p data-start=\"1573\" data-end=\"2056\">La aerol\u00ednea record\u00f3 adem\u00e1s a los pasajeros las pol\u00edticas de equipaje vigentes para esta ruta internacional. En la clase Business, los viajeros podr\u00e1n transportar dos maletas de hasta 23 kilogramos cada una, adem\u00e1s de un equipaje de mano de ocho kilogramos.<\/p>\n<p>\u00a0Mientras tanto, los pasajeros que viajen en clase Turista tendr\u00e1n permitido llevar una maleta de hasta 32 kilogramos y una pieza de equipaje de mano con un peso m\u00e1ximo de ocho kilogramos.<\/p>\n<p data-start=\"2058\" data-end=\"2410\">La empresa tambi\u00e9n indic\u00f3 que se mantienen disponibles algunos servicios especiales para los usuarios, entre ellos la selecci\u00f3n anticipada de asientos, asistencia VIP con pase prioritario, traslado de menores que viajan sin acompa\u00f1antes y la posibilidad de transportar mascotas de apoyo emocional dentro de las condiciones establecidas por la compa\u00f1\u00eda.<\/p>\n<p data-start=\"2412\" data-end=\"2730\">El retorno de esta ruta forma parte del proceso de recuperaci\u00f3n de la conectividad a\u00e9rea entre la Rep\u00fablica Dominicana y Venezuela, luego de que ambos pa\u00edses autorizaran nuevamente las operaciones de vuelos comerciales de pasajeros, carga y correo tras varios meses de suspensi\u00f3n.<\/p>\n<p data-start=\"2732\" data-end=\"3090\">Autoridades y representantes del sector aeron\u00e1utico consideran que la reapertura de este enlace resulta estrat\u00e9gica, ya que adem\u00e1s de facilitar el movimiento directo de viajeros entre Caracas y Santo Domingo, tambi\u00e9n permite conexiones hacia otros destinos internacionales, particularmente en Estados Unidos y el Caribe.<\/p>\n<p data-start=\"3092\" data-end=\"3337\">Con esta reactivaci\u00f3n, Laser Airlines se suma al proceso de recuperaci\u00f3n gradual del mercado a\u00e9reo entre ambas naciones, en momentos en que diversas aerol\u00edneas exploran nuevas oportunidades de operaci\u00f3n y ampliaci\u00f3n de rutas dentro de la regi\u00f3n.<\/p>\n<p data-start=\"3339\" data-end=\"3549\">\n","protected":false},"excerpt":{"rendered":"<p>Santo Domingo, RD.\u2013 \u00a0\u00a07 de marzo 2026 La conectividad a\u00e9rea entre Venezuela y la Rep\u00fablica&#8230;<\/p>\n","protected":false},"author":3,"featured_media":4062,"comment_status":"open","ping_status":"open","sticky":false,"template":"","format":"standard","meta":{"footnotes":""},"categories":[5],"tags":[],"class_list":["post-4059","post","type-post","status-publish","format-standard","has-post-thumbnail","hentry","category-portada"],"_links":{"self":[{"href":"https:\/\/elviajero.com.do\/index.php\/wp-json\/wp\/v2\/posts\/4059","targetHints":{"allow":["GET"]}}],"collection":[{"href":"https:\/\/elviajero.com.do\/index.php\/wp-json\/wp\/v2\/posts"}],"about":[{"href":"https:\/\/elviajero.com.do\/index.php\/wp-json\/wp\/v2\/types\/post"}],"author":[{"embeddable":true,"href":"https:\/\/elviajero.com.do\/index.php\/wp-json\/wp\/v2\/users\/3"}],"replies":[{"embeddable":true,"href":"https:\/\/elviajero.com.do\/index.php\/wp-json\/wp\/v2\/comments?post=4059"}],"version-history":[{"count":1,"href":"https:\/\/elviajero.com.do\/index.php\/wp-json\/wp\/v2\/posts\/4059\/revisions"}],"predecessor-version":[{"id":4061,"href":"https:\/\/elviajero.com.do\/index.php\/wp-json\/wp\/v2\/posts\/4059\/revisions\/4061"}],"wp:featuredmedia":[{"embeddable":true,"href":"https:\/\/elviajero.com.do\/index.php\/wp-json\/wp\/v2\/media\/4062"}],"wp:attachment":[{"href":"https:\/\/elviajero.com.do\/index.php\/wp-json\/wp\/v2\/media?parent=4059"}],"wp:term":[{"taxonomy":"category","embeddable":true,"href":"https:\/\/elviajero.com.do\/index.php\/wp-json\/wp\/v2\/categories?post=4059"},{"taxonomy":"post_tag","embeddable":true,"href":"https:\/\/elviajero.com.do\/index.php\/wp-json\/wp\/v2\/tags?post=4059"}],"curies":[{"name":"wp","href":"https:\/\/api.w.org\/{rel}","templated":true}]}}