{"id":4105,"date":"2026-03-12T00:03:37","date_gmt":"2026-03-12T04:03:37","guid":{"rendered":"https:\/\/elviajero.com.do\/?p=4105"},"modified":"2026-03-12T00:03:54","modified_gmt":"2026-03-12T04:03:54","slug":"dominicano-asume-direccion-operativa-de-importante-grupo-internacional-de-salud","status":"publish","type":"post","link":"https:\/\/elviajero.com.do\/index.php\/2026\/03\/12\/dominicano-asume-direccion-operativa-de-importante-grupo-internacional-de-salud\/","title":{"rendered":"Dominicano asume direcci\u00f3n operativa de importante grupo internacional de salud"},"content":{"rendered":"<p>&nbsp;<\/p>\n<p data-start=\"85\" data-end=\"134\"><strong>Por El\u00edas Barrera Corpor\u00e1n<\/strong><br data-start=\"101\" data-end=\"104\" \/><strong>Nueva York \/ Santo Domingo<\/strong><\/p>\n<p data-start=\"136\" data-end=\"585\">El talento dominicano contin\u00faa ganando espacios de liderazgo en escenarios internacionales. El reverendo <strong>Bol\u00edvar Flores<\/strong>, oriundo de la Rep\u00fablica Dominicana, fue designado como Director de Operaciones del <strong>Sunrise Group<\/strong>, una reconocida organizaci\u00f3n dedicada a los servicios de salud y diagn\u00f3stico cl\u00ednico fundada por el empresario e inversionista global <strong>Mohamed Naeem<\/strong>.<\/p>\n<p data-start=\"587\" data-end=\"909\">La designaci\u00f3n coloca a un dominicano al frente de una de las posiciones estrat\u00e9gicas de la compa\u00f1\u00eda, responsable de coordinar y optimizar las operaciones de una entidad que ha logrado consolidarse como un actor relevante en el \u00e1mbito de la innovaci\u00f3n cl\u00ednica y la coordinaci\u00f3n de servicios sanitarios de alta complejidad.<\/p>\n<p data-start=\"911\" data-end=\"1380\">Flores cuenta con una trayectoria que combina formaci\u00f3n acad\u00e9mica, experiencia administrativa y liderazgo comunitario. Estudi\u00f3 Administraci\u00f3n de Organizaciones en la <strong>Harvard University<\/strong>, y durante once a\u00f1os se desempe\u00f1\u00f3 como jefe de personal del exgobernador del estado de Nueva Jersey, <strong>Jim McGreevey<\/strong>.<\/p>\n<p>\u00a0Paralelamente, ha desarrollado una amplia labor pastoral y organizativa, coordinando actualmente m\u00e1s de 470 iglesias. El fundador del grupo, Mohamed Naeem, destac\u00f3 las cualidades profesionales del dominicano al referirse a su incorporaci\u00f3n a la empresa.<\/p>\n<p>\u201c<strong>El reverendo Flores es exactamente lo que nuestro grupo necesitaba. Este joven profesional posee la experiencia, la pasi\u00f3n y el coraz\u00f3n necesarios para continuar llevando a la vanguardia nuestro grupo empresarial<\/strong>\u201d, expres\u00f3 el inversionista.<\/p>\n<p data-start=\"1766\" data-end=\"2004\">Bajo el liderazgo de Naeem, el Sunrise Group ha expandido su presencia en el sector sanitario mediante proyectos enfocados en innovaci\u00f3n tecnol\u00f3gica, diagn\u00f3stico cl\u00ednico especializado y la integraci\u00f3n de servicios m\u00e9dicos de alta calidad.<\/p>\n<p data-start=\"2006\" data-end=\"2325\">Con su nuevo cargo, Flores tendr\u00e1 la responsabilidad de supervisar la eficiencia operativa del conglomerado, integrar programas cl\u00ednicos de vanguardia y liderar iniciativas estrat\u00e9gicas destinadas a fortalecer la presencia del grupo en el competitivo sistema de salud de Estados Unidos y otros mercados internacionales.<\/p>\n<p data-start=\"2327\" data-end=\"2595\">El nombramiento del reverendo Bol\u00edvar Flores es visto como un logro significativo para la comunidad dominicana en el exterior, al evidenciar el creciente posicionamiento del talento nacional en \u00e1reas de alta responsabilidad dentro de industrias clave a nivel global.<\/p>\n<p data-start=\"2597\" data-end=\"2795\" data-is-last-node=\"\" data-is-only-node=\"\">Su designaci\u00f3n simboliza, adem\u00e1s, el reconocimiento al liderazgo y la capacidad profesional de los dominicanos, cada vez m\u00e1s presentes en espacios donde se toman decisiones de impacto internacional.<\/p>\n","protected":false},"excerpt":{"rendered":"<p>&nbsp; Por El\u00edas Barrera Corpor\u00e1nNueva York \/ Santo Domingo El talento dominicano contin\u00faa ganando espacios&#8230;<\/p>\n","protected":false},"author":3,"featured_media":4106,"comment_status":"open","ping_status":"open","sticky":false,"template":"","format":"standard","meta":{"footnotes":""},"categories":[7,5],"tags":[],"class_list":["post-4105","post","type-post","status-publish","format-standard","has-post-thumbnail","hentry","category-opiniones","category-portada"],"_links":{"self":[{"href":"https:\/\/elviajero.com.do\/index.php\/wp-json\/wp\/v2\/posts\/4105","targetHints":{"allow":["GET"]}}],"collection":[{"href":"https:\/\/elviajero.com.do\/index.php\/wp-json\/wp\/v2\/posts"}],"about":[{"href":"https:\/\/elviajero.com.do\/index.php\/wp-json\/wp\/v2\/types\/post"}],"author":[{"embeddable":true,"href":"https:\/\/elviajero.com.do\/index.php\/wp-json\/wp\/v2\/users\/3"}],"replies":[{"embeddable":true,"href":"https:\/\/elviajero.com.do\/index.php\/wp-json\/wp\/v2\/comments?post=4105"}],"version-history":[{"count":1,"href":"https:\/\/elviajero.com.do\/index.php\/wp-json\/wp\/v2\/posts\/4105\/revisions"}],"predecessor-version":[{"id":4107,"href":"https:\/\/elviajero.com.do\/index.php\/wp-json\/wp\/v2\/posts\/4105\/revisions\/4107"}],"wp:featuredmedia":[{"embeddable":true,"href":"https:\/\/elviajero.com.do\/index.php\/wp-json\/wp\/v2\/media\/4106"}],"wp:attachment":[{"href":"https:\/\/elviajero.com.do\/index.php\/wp-json\/wp\/v2\/media?parent=4105"}],"wp:term":[{"taxonomy":"category","embeddable":true,"href":"https:\/\/elviajero.com.do\/index.php\/wp-json\/wp\/v2\/categories?post=4105"},{"taxonomy":"post_tag","embeddable":true,"href":"https:\/\/elviajero.com.do\/index.php\/wp-json\/wp\/v2\/tags?post=4105"}],"curies":[{"name":"wp","href":"https:\/\/api.w.org\/{rel}","templated":true}]}}