{"id":4134,"date":"2026-03-13T15:41:54","date_gmt":"2026-03-13T19:41:54","guid":{"rendered":"https:\/\/elviajero.com.do\/?p=4134"},"modified":"2026-03-13T15:42:26","modified_gmt":"2026-03-13T19:42:26","slug":"nuevo-hub-logistico-impulsa-a-boca-chica-como-eje-del-comercio-regional","status":"publish","type":"post","link":"https:\/\/elviajero.com.do\/index.php\/2026\/03\/13\/nuevo-hub-logistico-impulsa-a-boca-chica-como-eje-del-comercio-regional\/","title":{"rendered":"Nuevo hub log\u00edstico impulsa a Boca Chica como eje del comercio regional"},"content":{"rendered":"<p><strong>Rafael Castro<\/strong><br \/>\nSanto Domingo, RD<\/p>\n<p>La Rep\u00fablica Dominicana contin\u00faa consolidando su papel como plataforma estrat\u00e9gica para el comercio y la distribuci\u00f3n en el Caribe con la inauguraci\u00f3n de un moderno centro de distribuci\u00f3n de la empresa log\u00edstica <strong>MiaCargo<\/strong> en el municipio de <strong>Boca Chica<\/strong>, una inversi\u00f3n que adem\u00e1s marca el inicio del proceso para la creaci\u00f3n de <strong>Clouds Air<\/strong>, una nueva aerol\u00ednea dominicana dedicada exclusivamente al transporte de carga.<\/p>\n<p>El acto de apertura del nuevo hub log\u00edstico reuni\u00f3 a representantes del sector empresarial, autoridades y ejecutivos de la industria log\u00edstica, quienes coincidieron en destacar el impacto que tendr\u00e1 esta iniciativa para el fortalecimiento del comercio internacional desde territorio dominicano.<\/p>\n<p>Con esta nueva infraestructura, el pa\u00eds alcanza un total de <strong>33 operadores log\u00edsticos<\/strong>, lo que refleja el crecimiento sostenido del sector y el creciente inter\u00e9s de empresas internacionales en utilizar la Rep\u00fablica Dominicana como centro de redistribuci\u00f3n de mercanc\u00edas hacia el Caribe, Centroam\u00e9rica y otros mercados.<\/p>\n<p><strong>Infraestructura de alta capacidad<\/strong><\/p>\n<p>El nuevo centro de distribuci\u00f3n incorpora tecnolog\u00eda de clasificaci\u00f3n automatizada que permitir\u00e1 manejar grandes vol\u00famenes de paqueter\u00eda con mayor eficiencia. La instalaci\u00f3n cuenta con una <strong>clasificadora autom\u00e1tica de 40 bocas<\/strong>, dise\u00f1ada para procesar <strong>m\u00e1s de tres millones de paquetes mensuales<\/strong>, lo que coloca a la terminal entre las m\u00e1s modernas de su tipo en la regi\u00f3n.<\/p>\n<p>El director ejecutivo y propietario de MiaCargo, <strong>Diego Vestillero<\/strong>, explic\u00f3 que la infraestructura responde al crecimiento del comercio electr\u00f3nico y a la creciente demanda de servicios log\u00edsticos r\u00e1pidos y eficientes.<\/p>\n<p>\u201cEl objetivo de este hub es ofrecer una plataforma moderna que permita optimizar los tiempos de distribuci\u00f3n y conectar de forma m\u00e1s \u00e1gil a la Rep\u00fablica Dominicana con los principales mercados internacionales\u201d, expres\u00f3 el empresario durante la inauguraci\u00f3n.<\/p>\n<p><img loading=\"lazy\" decoding=\"async\" class=\"alignnone size-large wp-image-4136\" src=\"https:\/\/elviajero.com.do\/wp-content\/uploads\/2026\/03\/DSC5520-1.jpg-683x1024.jpeg\" alt=\"\" width=\"640\" height=\"960\" srcset=\"https:\/\/elviajero.com.do\/wp-content\/uploads\/2026\/03\/DSC5520-1.jpg-683x1024.jpeg 683w, https:\/\/elviajero.com.do\/wp-content\/uploads\/2026\/03\/DSC5520-1.jpg-200x300.jpeg 200w, https:\/\/elviajero.com.do\/wp-content\/uploads\/2026\/03\/DSC5520-1.jpg-768x1152.jpeg 768w, https:\/\/elviajero.com.do\/wp-content\/uploads\/2026\/03\/DSC5520-1.jpg-1024x1536.jpeg 1024w, https:\/\/elviajero.com.do\/wp-content\/uploads\/2026\/03\/DSC5520-1.jpg-1365x2048.jpeg 1365w, https:\/\/elviajero.com.do\/wp-content\/uploads\/2026\/03\/DSC5520-1.jpg.jpeg 1400w\" sizes=\"auto, (max-width: 640px) 100vw, 640px\" \/><\/p>\n<p>Vestillero destac\u00f3 adem\u00e1s que el proyecto constituye una apuesta estrat\u00e9gica por el potencial log\u00edstico del pa\u00eds.<\/p>\n<p>\u201cEste hub es una declaraci\u00f3n firme de nuestra confianza en la Rep\u00fablica Dominicana como destino seguro para la inversi\u00f3n extranjera y como plataforma estrat\u00e9gica para el desarrollo log\u00edstico regional\u201d, afirm\u00f3.<\/p>\n<p><strong>Nace una nueva aerol\u00ednea de carga<\/strong><\/p>\n<p>Uno de los anuncios m\u00e1s relevantes realizados durante el acto fue el lanzamiento de <strong>Clouds Air<\/strong>, una aerol\u00ednea dominicana que estar\u00e1 dedicada al transporte a\u00e9reo de carga internacional.<\/p>\n<p>La empresa se encuentra actualmente en proceso de completar los requisitos regulatorios ante las autoridades aeron\u00e1uticas correspondientes para iniciar operaciones.<\/p>\n<p>Seg\u00fan explic\u00f3 Vestillero, la nueva aerol\u00ednea busca fortalecer la conectividad log\u00edstica del pa\u00eds y facilitar el movimiento de mercanc\u00edas hacia mercados clave.<\/p>\n<p>\u201cClouds Air nace para fortalecer la conectividad log\u00edstica de la Rep\u00fablica Dominicana, optimizando el transporte a\u00e9reo internacional y creando nuevas oportunidades para el comercio\u201d, se\u00f1al\u00f3.<\/p>\n<p>La iniciativa tambi\u00e9n busca complementar la red log\u00edstica que MiaCargo ya ha desarrollado en el territorio nacional.<\/p>\n<p><strong>Generaci\u00f3n de empleos y expansi\u00f3n nacional<\/strong><\/p>\n<p>El proyecto contempla la <strong>creaci\u00f3n de 200 empleos directos y m\u00e1s de 1,500 indirectos<\/strong>, lo que tendr\u00e1 un impacto significativo en la econom\u00eda local y en el desarrollo del sector log\u00edstico.<\/p>\n<p>La empresa cuenta adem\u00e1s con una red operativa que incluye <strong>190 oficinas<\/strong> distribuidas en diferentes puntos del pa\u00eds y una <strong>flota de 50 camiones<\/strong>, destinada a garantizar la distribuci\u00f3n eficiente de paquetes y mercanc\u00edas en todo el territorio nacional.<\/p>\n<p>La apertura del hub en Boca Chica tambi\u00e9n responde a la cercan\u00eda estrat\u00e9gica con el <strong>Aeropuerto Internacional de Las Am\u00e9ricas<\/strong>, uno de los principales puntos de entrada y salida de carga a\u00e9rea del pa\u00eds.<\/p>\n<p><strong>Impulso a la competitividad log\u00edstica<\/strong><\/p>\n<p>Durante la actividad, el director de la <strong>Direcci\u00f3n General de Aduanas<\/strong>, <strong>Nelson Arroyo<\/strong>, calific\u00f3 la apertura del nuevo centro log\u00edstico como un paso importante para el fortalecimiento del sector en la Rep\u00fablica Dominicana.<\/p>\n<p>Arroyo destac\u00f3 que el pa\u00eds ha venido implementando pol\u00edticas para mejorar la eficiencia del comercio exterior y atraer nuevas inversiones en log\u00edstica.<\/p>\n<p>Entre estas iniciativas mencion\u00f3 el programa <strong>Despacho en 24 Horas<\/strong>, un mecanismo que permite agilizar la salida de mercanc\u00edas desde los puertos en un plazo m\u00e1ximo de un d\u00eda.<\/p>\n<p>El funcionario se\u00f1al\u00f3 que proyectos como el hub de MiaCargo contribuyen a posicionar al pa\u00eds como uno de los principales centros de distribuci\u00f3n del Caribe.<\/p>\n<p>\u201cEste tipo de inversiones consolidan el papel de la Rep\u00fablica Dominicana como hub log\u00edstico regional y fortalecen nuestra competitividad en el comercio internacional\u201d, sostuvo.<\/p>\n<p><strong>Rep\u00fablica Dominicana como centro log\u00edstico del Caribe<\/strong><\/p>\n<p>El crecimiento del comercio electr\u00f3nico, el aumento del intercambio comercial en la regi\u00f3n y la ubicaci\u00f3n estrat\u00e9gica del pa\u00eds han impulsado en los \u00faltimos a\u00f1os el desarrollo del sector log\u00edstico dominicano.<\/p>\n<p>La apertura de nuevos centros de distribuci\u00f3n, la modernizaci\u00f3n de los puertos y aeropuertos, as\u00ed como las reformas en los procesos aduaneros, han permitido que cada vez m\u00e1s empresas utilicen el territorio dominicano como punto de conexi\u00f3n para sus operaciones en el Caribe.<\/p>\n<p>En ese contexto, la llegada del hub de MiaCargo y la futura entrada en operaciones de Clouds Air representan un nuevo paso en la consolidaci\u00f3n de la Rep\u00fablica Dominicana como <strong>puerta log\u00edstica del Caribe<\/strong>, un sector que contin\u00faa atrayendo inversiones y generando empleos en el pa\u00eds.<\/p>\n<p>&nbsp;<\/p>\n","protected":false},"excerpt":{"rendered":"<p>Rafael Castro Santo Domingo, RD La Rep\u00fablica Dominicana contin\u00faa consolidando su papel como plataforma estrat\u00e9gica&#8230;<\/p>\n","protected":false},"author":3,"featured_media":4135,"comment_status":"open","ping_status":"open","sticky":false,"template":"","format":"standard","meta":{"footnotes":""},"categories":[2,5],"tags":[],"class_list":["post-4134","post","type-post","status-publish","format-standard","has-post-thumbnail","hentry","category-nacionales","category-portada"],"_links":{"self":[{"href":"https:\/\/elviajero.com.do\/index.php\/wp-json\/wp\/v2\/posts\/4134","targetHints":{"allow":["GET"]}}],"collection":[{"href":"https:\/\/elviajero.com.do\/index.php\/wp-json\/wp\/v2\/posts"}],"about":[{"href":"https:\/\/elviajero.com.do\/index.php\/wp-json\/wp\/v2\/types\/post"}],"author":[{"embeddable":true,"href":"https:\/\/elviajero.com.do\/index.php\/wp-json\/wp\/v2\/users\/3"}],"replies":[{"embeddable":true,"href":"https:\/\/elviajero.com.do\/index.php\/wp-json\/wp\/v2\/comments?post=4134"}],"version-history":[{"count":2,"href":"https:\/\/elviajero.com.do\/index.php\/wp-json\/wp\/v2\/posts\/4134\/revisions"}],"predecessor-version":[{"id":4138,"href":"https:\/\/elviajero.com.do\/index.php\/wp-json\/wp\/v2\/posts\/4134\/revisions\/4138"}],"wp:featuredmedia":[{"embeddable":true,"href":"https:\/\/elviajero.com.do\/index.php\/wp-json\/wp\/v2\/media\/4135"}],"wp:attachment":[{"href":"https:\/\/elviajero.com.do\/index.php\/wp-json\/wp\/v2\/media?parent=4134"}],"wp:term":[{"taxonomy":"category","embeddable":true,"href":"https:\/\/elviajero.com.do\/index.php\/wp-json\/wp\/v2\/categories?post=4134"},{"taxonomy":"post_tag","embeddable":true,"href":"https:\/\/elviajero.com.do\/index.php\/wp-json\/wp\/v2\/tags?post=4134"}],"curies":[{"name":"wp","href":"https:\/\/api.w.org\/{rel}","templated":true}]}}