{"id":4151,"date":"2026-03-13T22:43:21","date_gmt":"2026-03-14T02:43:21","guid":{"rendered":"https:\/\/elviajero.com.do\/?p=4151"},"modified":"2026-03-13T22:43:21","modified_gmt":"2026-03-14T02:43:21","slug":"orgullo-dominicano-se-hace-sentir-en-el-clasico-mundial-de-beisbol-afirma-consul-jesus-chu-vasquez","status":"publish","type":"post","link":"https:\/\/elviajero.com.do\/index.php\/2026\/03\/13\/orgullo-dominicano-se-hace-sentir-en-el-clasico-mundial-de-beisbol-afirma-consul-jesus-chu-vasquez\/","title":{"rendered":"Orgullo dominicano se hace sentir en el Cl\u00e1sico Mundial de B\u00e9isbol, afirma c\u00f3nsul Jes\u00fas \u201cChu\u201d V\u00e1squez"},"content":{"rendered":"<p data-start=\"107\" data-end=\"146\"><em>Rafael Castro<\/em><br data-start=\"122\" data-end=\"125\" \/><em>13 de marzo de 2026<\/em><\/p>\n<p data-start=\"148\" data-end=\"566\"><strong>Miami, EE.UU.<\/strong> \u2014 El c\u00f3nsul general de la Rep\u00fablica Dominicana en Nueva York, Jes\u00fas (Chu) V\u00e1squez, expres\u00f3 su profundo orgullo por la destacada participaci\u00f3n de la selecci\u00f3n nacional en el Cl\u00e1sico Mundial de B\u00e9isbol y asegur\u00f3 que el conjunto dominicano posee el talento, la disciplina y la experiencia necesarios para conquistar nuevamente el t\u00edtulo del prestigioso torneo internacional.<\/p>\n<p data-start=\"568\" data-end=\"810\">Durante una intervenci\u00f3n en el programa <strong>El \u00daltimo Minuto<\/strong>, el diplom\u00e1tico manifest\u00f3 su confianza en que la escuadra quisqueyana continuar\u00e1 avanzando con paso firme en la competencia, resaltando la calidad del roster presentado por el pa\u00eds.<\/p>\n<p data-start=\"812\" data-end=\"1104\">\u201cNos sentimos sumamente orgullosos del equipo que la Rep\u00fablica Dominicana ha presentado en este Cl\u00e1sico Mundial. La verdad es que no tenemos desperdicio\u201d, expres\u00f3 V\u00e1squez, al tiempo que pronostic\u00f3 que la selecci\u00f3n dominicana tiene todas las condiciones para alcanzar una nueva corona mundial.<\/p>\n<p data-start=\"1106\" data-end=\"1388\">El funcionario destac\u00f3 que la Rep\u00fablica Dominicana ha logrado consolidarse como una potencia en el b\u00e9isbol internacional, gracias a la combinaci\u00f3n de talento natural, disciplina y una s\u00f3lida tradici\u00f3n deportiva que ha producido algunas de las mayores estrellas de las Grandes Ligas.<\/p>\n<p data-start=\"1390\" data-end=\"1735\">V\u00e1squez tambi\u00e9n record\u00f3 que es un seguidor fiel del b\u00e9isbol y que ha tenido la oportunidad de asistir a varias ediciones del torneo, entre ellas las celebradas en 2013, 2017 y 2023.<\/p>\n<p>Se\u00f1al\u00f3 que cada participaci\u00f3n dominicana en el evento refleja el car\u00e1cter competitivo y la pasi\u00f3n que identifica al pa\u00eds caribe\u00f1o dentro del llamado \u201cdeporte rey\u201d.<\/p>\n<p data-start=\"1737\" data-end=\"1988\">\u201cEl desempe\u00f1o de nuestros jugadores demuestra el esfuerzo, la preparaci\u00f3n y el orgullo con que representan la bandera dominicana. Cada vez que salen al terreno lo hacen con el compromiso de poner en alto el nombre de la Rep\u00fablica Dominicana\u201d, sostuvo.<\/p>\n<p data-start=\"1990\" data-end=\"2369\">El c\u00f3nsul dominicano tambi\u00e9n defendi\u00f3 el respaldo que, a su juicio, ha brindado el Gobierno al desarrollo del deporte en el pa\u00eds. Indic\u00f3 que en los \u00faltimos a\u00f1os se han realizado inversiones importantes destinadas a fortalecer la infraestructura deportiva, apoyar las peque\u00f1as ligas y promover la organizaci\u00f3n de eventos internacionales que contribuyan al crecimiento del b\u00e9isbol.<\/p>\n<p data-start=\"2371\" data-end=\"2585\">Seg\u00fan explic\u00f3, estas iniciativas buscan garantizar que las nuevas generaciones de peloteros cuenten con mejores oportunidades para desarrollarse y continuar alimentando la hist\u00f3rica tradici\u00f3n beisbolera dominicana.<\/p>\n<p data-start=\"2587\" data-end=\"2772\">Asimismo, resalt\u00f3 que el impacto del b\u00e9isbol trasciende el \u00e1mbito deportivo, ya que contribuye significativamente a proyectar una imagen positiva del pa\u00eds en el escenario internacional.<\/p>\n<p data-start=\"2774\" data-end=\"2966\">\u201cLa proyecci\u00f3n que hoy tiene la Rep\u00fablica Dominicana a nivel internacional es impresionante. Somos un pa\u00eds peque\u00f1o, pero hoy estamos como el pa\u00eds n\u00famero uno en b\u00e9isbol\u201d, afirm\u00f3 el diplom\u00e1tico.<\/p>\n<p data-start=\"2968\" data-end=\"3228\">V\u00e1squez subray\u00f3 que el \u00e9xito de los peloteros dominicanos y la presencia del pa\u00eds en eventos de alto nivel como el Cl\u00e1sico Mundial de B\u00e9isbol tambi\u00e9n generan beneficios econ\u00f3micos y tur\u00edsticos, al atraer la atenci\u00f3n mundial hacia la naci\u00f3n caribe\u00f1a.<\/p>\n<p data-start=\"3230\" data-end=\"3399\">Finalmente, el funcionario envi\u00f3 un mensaje de entusiasmo y unidad al pueblo dominicano, tanto dentro como fuera del pa\u00eds, que sigue con pasi\u00f3n el desarrollo del torneo.<\/p>\n<p data-start=\"3401\" data-end=\"3567\" data-is-last-node=\"\" data-is-only-node=\"\">\u201cEste equipo representa el orgullo de todos los dominicanos. Cada victoria nos une como naci\u00f3n y nos recuerda la grandeza de nuestro b\u00e9isbol\u201d, concluy\u00f3 V\u00e1squez. \u26be\ud83c\udde9\ud83c\uddf4<\/p>\n<p>&nbsp;<\/p>\n","protected":false},"excerpt":{"rendered":"<p>Rafael Castro13 de marzo de 2026 Miami, EE.UU. \u2014 El c\u00f3nsul general de la Rep\u00fablica&#8230;<\/p>\n","protected":false},"author":3,"featured_media":4153,"comment_status":"open","ping_status":"open","sticky":false,"template":"","format":"standard","meta":{"footnotes":""},"categories":[1],"tags":[],"class_list":["post-4151","post","type-post","status-publish","format-standard","has-post-thumbnail","hentry","category-deportes"],"_links":{"self":[{"href":"https:\/\/elviajero.com.do\/index.php\/wp-json\/wp\/v2\/posts\/4151","targetHints":{"allow":["GET"]}}],"collection":[{"href":"https:\/\/elviajero.com.do\/index.php\/wp-json\/wp\/v2\/posts"}],"about":[{"href":"https:\/\/elviajero.com.do\/index.php\/wp-json\/wp\/v2\/types\/post"}],"author":[{"embeddable":true,"href":"https:\/\/elviajero.com.do\/index.php\/wp-json\/wp\/v2\/users\/3"}],"replies":[{"embeddable":true,"href":"https:\/\/elviajero.com.do\/index.php\/wp-json\/wp\/v2\/comments?post=4151"}],"version-history":[{"count":1,"href":"https:\/\/elviajero.com.do\/index.php\/wp-json\/wp\/v2\/posts\/4151\/revisions"}],"predecessor-version":[{"id":4154,"href":"https:\/\/elviajero.com.do\/index.php\/wp-json\/wp\/v2\/posts\/4151\/revisions\/4154"}],"wp:featuredmedia":[{"embeddable":true,"href":"https:\/\/elviajero.com.do\/index.php\/wp-json\/wp\/v2\/media\/4153"}],"wp:attachment":[{"href":"https:\/\/elviajero.com.do\/index.php\/wp-json\/wp\/v2\/media?parent=4151"}],"wp:term":[{"taxonomy":"category","embeddable":true,"href":"https:\/\/elviajero.com.do\/index.php\/wp-json\/wp\/v2\/categories?post=4151"},{"taxonomy":"post_tag","embeddable":true,"href":"https:\/\/elviajero.com.do\/index.php\/wp-json\/wp\/v2\/tags?post=4151"}],"curies":[{"name":"wp","href":"https:\/\/api.w.org\/{rel}","templated":true}]}}