{"id":4199,"date":"2026-03-17T17:06:18","date_gmt":"2026-03-17T21:06:18","guid":{"rendered":"https:\/\/elviajero.com.do\/?p=4199"},"modified":"2026-03-17T17:06:18","modified_gmt":"2026-03-17T21:06:18","slug":"ministro-de-defensa-y-embajadora-de-estados-unidos-recorren-la-frontera","status":"publish","type":"post","link":"https:\/\/elviajero.com.do\/index.php\/2026\/03\/17\/ministro-de-defensa-y-embajadora-de-estados-unidos-recorren-la-frontera\/","title":{"rendered":"Ministro de Defensa y embajadora de Estados Unidos recorren la frontera"},"content":{"rendered":"<p>Dajab\u00f3n, Rep\u00fablica Dominicana. \u2014<\/p>\n<p>El ministro de Defensa, teniente general Carlos Antonio Fern\u00e1ndez Onofre, ERD., realiz\u00f3 un recorrido estrat\u00e9gico por la zona fronteriza de Dajab\u00f3n junto a la embajadora de los Estados Unidos en la Rep\u00fablica Dominicana, se\u00f1ora Leah Francis Campos, quien estuvo acompa\u00f1ada de una comitiva oficial, con el prop\u00f3sito de conocer de primera mano la din\u00e1mica operativa y de seguridad en esta importante \u00e1rea lim\u00edtrofe.<\/p>\n<p>Durante la visita, las autoridades recorrieron distintos tramos de la verja perimetral fronteriza en esa demarcaci\u00f3n, as\u00ed como la puerta de cruce formal, donde pudieron observar el flujo de actividades comerciales y sociales que se desarrollan diariamente entre ciudadanos de ambos pa\u00edses.<\/p>\n<p>En el transcurso del recorrido, la embajadora Leah Francis Campos y su delegaci\u00f3n recibieron explicaciones detalladas sobre los esquemas de seguridad implementados por los cuerpos castrenses y otras dependencias del Estado, orientados a fortalecer el control territorial, garantizar el orden y contribuir a la protecci\u00f3n de la soberan\u00eda nacional.<\/p>\n<p>La jornada permiti\u00f3 a la delegaci\u00f3n estadounidense apreciar directamente los esfuerzos que realiza el Gobierno dominicano para mantener una frontera segura, organizada y funcional, en equilibrio con las din\u00e1micas econ\u00f3micas y sociales propias de la zona.<\/p>\n<p>El ministro de Defensa estuvo acompa\u00f1ado por el comandante general del Ej\u00e9rcito de Rep\u00fablica Dominicana, mayor general Jorge Iv\u00e1n Camino P\u00e9rez, as\u00ed como por el director del Cuerpo Especializado en Seguridad Fronteriza Terrestre (CESFRONT), el supervisor general de los trabajos de construcci\u00f3n de la verja perimetral fronteriza y el comandante de la 4ta brigada de infanter\u00eda del Ej\u00e9rcito de Rep\u00fablica Dominicana, quienes ofrecieron detalles sobre las operaciones desplegadas en el \u00e1rea y el rol de las distintas unidades en el resguardo de la l\u00ednea fronteriza.<\/p>\n<p>Esta visita reviste una alta importancia estrat\u00e9gica, al fortalecer los lazos de cooperaci\u00f3n y confianza entre la Rep\u00fablica Dominicana y los Estados Unidos, as\u00ed como el intercambio de experiencias y buenas pr\u00e1cticas en materia de seguridad y defensa, contribuyendo al abordaje conjunto de los desaf\u00edos comunes en la regi\u00f3n.<\/p>\n<p>&nbsp;<\/p>\n<p>&nbsp;<\/p>\n","protected":false},"excerpt":{"rendered":"<p>Dajab\u00f3n, Rep\u00fablica Dominicana. \u2014 El ministro de Defensa, teniente general Carlos Antonio Fern\u00e1ndez Onofre, ERD.,&#8230;<\/p>\n","protected":false},"author":3,"featured_media":4200,"comment_status":"open","ping_status":"open","sticky":false,"template":"","format":"standard","meta":{"footnotes":""},"categories":[5],"tags":[],"class_list":["post-4199","post","type-post","status-publish","format-standard","has-post-thumbnail","hentry","category-portada"],"_links":{"self":[{"href":"https:\/\/elviajero.com.do\/index.php\/wp-json\/wp\/v2\/posts\/4199","targetHints":{"allow":["GET"]}}],"collection":[{"href":"https:\/\/elviajero.com.do\/index.php\/wp-json\/wp\/v2\/posts"}],"about":[{"href":"https:\/\/elviajero.com.do\/index.php\/wp-json\/wp\/v2\/types\/post"}],"author":[{"embeddable":true,"href":"https:\/\/elviajero.com.do\/index.php\/wp-json\/wp\/v2\/users\/3"}],"replies":[{"embeddable":true,"href":"https:\/\/elviajero.com.do\/index.php\/wp-json\/wp\/v2\/comments?post=4199"}],"version-history":[{"count":1,"href":"https:\/\/elviajero.com.do\/index.php\/wp-json\/wp\/v2\/posts\/4199\/revisions"}],"predecessor-version":[{"id":4201,"href":"https:\/\/elviajero.com.do\/index.php\/wp-json\/wp\/v2\/posts\/4199\/revisions\/4201"}],"wp:featuredmedia":[{"embeddable":true,"href":"https:\/\/elviajero.com.do\/index.php\/wp-json\/wp\/v2\/media\/4200"}],"wp:attachment":[{"href":"https:\/\/elviajero.com.do\/index.php\/wp-json\/wp\/v2\/media?parent=4199"}],"wp:term":[{"taxonomy":"category","embeddable":true,"href":"https:\/\/elviajero.com.do\/index.php\/wp-json\/wp\/v2\/categories?post=4199"},{"taxonomy":"post_tag","embeddable":true,"href":"https:\/\/elviajero.com.do\/index.php\/wp-json\/wp\/v2\/tags?post=4199"}],"curies":[{"name":"wp","href":"https:\/\/api.w.org\/{rel}","templated":true}]}}