{"id":4211,"date":"2026-03-18T15:29:59","date_gmt":"2026-03-18T19:29:59","guid":{"rendered":"https:\/\/elviajero.com.do\/?p=4211"},"modified":"2026-03-18T15:57:39","modified_gmt":"2026-03-18T19:57:39","slug":"vuelos-entre-republica-dominicana-y-venezuela-se-reanudaron-tras-casi-dos-anos-de-suspension","status":"publish","type":"post","link":"https:\/\/elviajero.com.do\/index.php\/2026\/03\/18\/vuelos-entre-republica-dominicana-y-venezuela-se-reanudaron-tras-casi-dos-anos-de-suspension\/","title":{"rendered":"Se reanudan vuelos entre Rep\u00fablica Dominicana, tras casi dos a\u00f1os de suspensi\u00f3n"},"content":{"rendered":"<p><strong>\u00a0<\/strong><\/p>\n<p>Rafael Castro<br \/>\n18 de marzo de 2026<\/p>\n<p>Santo Domingo. Aeropuerto Internacional de Las Am\u00e9ricas<\/p>\n<p>Las operaciones a\u00e9reas entre la Rep\u00fablica Dominicana y Venezuela quedaron oficialmente reanudadas este mi\u00e9rcoles 18 de marzo, con el reinicio de los vuelos de la aerol\u00ednea venezolana Laser Airlines, marcando as\u00ed el restablecimiento de una conexi\u00f3n clave para miles de pasajeros tras una prolongada suspensi\u00f3n provocada por tensiones entre ambos gobiernos.<\/p>\n<p>El reinicio de esta ruta a\u00e9rea se produce luego de que las autoridades de ambos pa\u00edses alcanzaran acuerdos bilaterales que permitieron levantar las restricciones impuestas desde julio de 2024, cuando se interrumpieron los vuelos comerciales entre ambas naciones.<\/p>\n<p>De acuerdo con el director corporativo de Comunicaciones de Aeropuertos Dominicanos XXI (Aerodom), Luis L\u00f3pez Mena, las operaciones fueron retomadas en la ruta Caracas, Santo Domingo con vuelos directos de la referida aerol\u00ednea, lo que representa un paso importante en la normalizaci\u00f3n de las relaciones a\u00e9reas y el flujo de pasajeros.<\/p>\n<p>El primer vuelo de Laser Airlines aterriz\u00f3 en el pa\u00eds a la 1:00 de la tarde en el Aeropuerto Internacional de Las Am\u00e9ricas, desde donde posteriormente despeg\u00f3 a las 2:30 de la tarde con destino a Caracas.<\/p>\n<p>La operaci\u00f3n inaugural fue identificada con el n\u00famero QL 2968, dentro del itinerario establecido por la compa\u00f1\u00eda.<\/p>\n<p>Estos vuelos forman parte de un programa regular de tres frecuencias semanales mi\u00e9rcoles, viernes y domingos que busca restablecer de manera sostenida la conectividad entre ambas capitales.<\/p>\n<p>Seg\u00fan se inform\u00f3, tanto el vuelo de llegada como el de salida registraron un alto nivel de ocupaci\u00f3n, con decenas de pasajeros, en su mayor\u00eda ciudadanos venezolanos, que aprovecharon la reapertura para reencontrarse con sus familiares luego de un largo per\u00edodo sin conexiones directas.<\/p>\n<p>La reactivaci\u00f3n de esta ruta no solo responde a la demanda acumulada de viajeros, sino que tambi\u00e9n representa un impulso para el intercambio comercial, el turismo y la integraci\u00f3n regional, tras casi dos a\u00f1os de limitaciones en la movilidad a\u00e9rea entre ambos pa\u00edses.<\/p>\n<p>Con el regreso de las operaciones de Laser Airlines y la eventual incorporaci\u00f3n de otras aerol\u00edneas autorizadas, se espera que en las pr\u00f3ximas semanas contin\u00fae fortaleci\u00e9ndose el puente a\u00e9reo entre Santo Domingo y Caracas, devolviendo dinamismo a una de las rutas hist\u00f3ricamente m\u00e1s transitadas del Caribe.<\/p>\n<p>&nbsp;<\/p>\n","protected":false},"excerpt":{"rendered":"<p>\u00a0 Rafael Castro 18 de marzo de 2026 Santo Domingo. Aeropuerto Internacional de Las Am\u00e9ricas&#8230;<\/p>\n","protected":false},"author":3,"featured_media":4212,"comment_status":"open","ping_status":"open","sticky":false,"template":"","format":"standard","meta":{"footnotes":""},"categories":[5],"tags":[],"class_list":["post-4211","post","type-post","status-publish","format-standard","has-post-thumbnail","hentry","category-portada"],"_links":{"self":[{"href":"https:\/\/elviajero.com.do\/index.php\/wp-json\/wp\/v2\/posts\/4211","targetHints":{"allow":["GET"]}}],"collection":[{"href":"https:\/\/elviajero.com.do\/index.php\/wp-json\/wp\/v2\/posts"}],"about":[{"href":"https:\/\/elviajero.com.do\/index.php\/wp-json\/wp\/v2\/types\/post"}],"author":[{"embeddable":true,"href":"https:\/\/elviajero.com.do\/index.php\/wp-json\/wp\/v2\/users\/3"}],"replies":[{"embeddable":true,"href":"https:\/\/elviajero.com.do\/index.php\/wp-json\/wp\/v2\/comments?post=4211"}],"version-history":[{"count":2,"href":"https:\/\/elviajero.com.do\/index.php\/wp-json\/wp\/v2\/posts\/4211\/revisions"}],"predecessor-version":[{"id":4218,"href":"https:\/\/elviajero.com.do\/index.php\/wp-json\/wp\/v2\/posts\/4211\/revisions\/4218"}],"wp:featuredmedia":[{"embeddable":true,"href":"https:\/\/elviajero.com.do\/index.php\/wp-json\/wp\/v2\/media\/4212"}],"wp:attachment":[{"href":"https:\/\/elviajero.com.do\/index.php\/wp-json\/wp\/v2\/media?parent=4211"}],"wp:term":[{"taxonomy":"category","embeddable":true,"href":"https:\/\/elviajero.com.do\/index.php\/wp-json\/wp\/v2\/categories?post=4211"},{"taxonomy":"post_tag","embeddable":true,"href":"https:\/\/elviajero.com.do\/index.php\/wp-json\/wp\/v2\/tags?post=4211"}],"curies":[{"name":"wp","href":"https:\/\/api.w.org\/{rel}","templated":true}]}}