{"id":4263,"date":"2026-03-20T11:37:31","date_gmt":"2026-03-20T15:37:31","guid":{"rendered":"https:\/\/elviajero.com.do\/?p=4263"},"modified":"2026-03-20T11:37:31","modified_gmt":"2026-03-20T15:37:31","slug":"digesett-previo-a-semana-santa-intensifica-operativos-en-la-autopista-duarte-y-retiene-decenas-de-vehiculos-en-condiciones-de-riesgo","status":"publish","type":"post","link":"https:\/\/elviajero.com.do\/index.php\/2026\/03\/20\/digesett-previo-a-semana-santa-intensifica-operativos-en-la-autopista-duarte-y-retiene-decenas-de-vehiculos-en-condiciones-de-riesgo\/","title":{"rendered":"DIGESETT previo a Semana Santa intensifica operativos en la autopista Duarte y retiene decenas de veh\u00edculos en condiciones de riesgo"},"content":{"rendered":"<p>&nbsp;<\/p>\n<p><em>Rafael Castro | Santo Domingo, RD<\/em><\/p>\n<p>En un esfuerzo por reducir accidentes de tr\u00e1nsito y preservar vidas durante el asueto de la Semana Santa, la Direcci\u00f3n General de Seguridad de Tr\u00e1nsito y Transporte Terrestre (DIGESETT) despleg\u00f3 un amplio operativo de supervisi\u00f3n en el tramo de La Cumbre, en la autopista Duarte, donde detect\u00f3 y retuvo decenas de veh\u00edculos que circulaban en condiciones mec\u00e1nicas inadecuadas.<\/p>\n<p>La intervenci\u00f3n forma parte de un plan preventivo que busca reforzar los controles en las principales v\u00edas del pa\u00eds ante el incremento del flujo vehicular t\u00edpico de esta \u00e9poca, cuando miles de ciudadanos se desplazan hacia el interior.<\/p>\n<p>En ese contexto, los agentes concentraron sus labores en la inspecci\u00f3n de veh\u00edculos pesados, considerados de alto riesgo cuando presentan fallas t\u00e9cnicas.<\/p>\n<p>Durante la jornada, las autoridades identificaron 17 unidades que transitaban con neum\u00e1ticos \u00a0en estado cr\u00edtico, com\u00fanmente conocidos como \u201cgomas lisas\u201d, una condici\u00f3n que reduce significativamente la adherencia al pavimento y eleva el peligro de deslizamientos, especialmente en zonas monta\u00f1osas como La Cumbre.<\/p>\n<p>Estos veh\u00edculos fueron colocados bajo medidas preventivas para evitar que continuaran representando un riesgo en la v\u00eda.<\/p>\n<p><img loading=\"lazy\" decoding=\"async\" class=\"alignnone size-full wp-image-4265\" src=\"https:\/\/elviajero.com.do\/wp-content\/uploads\/2026\/03\/IMG-20260319-WA0065.jpg\" alt=\"\" width=\"922\" height=\"929\" srcset=\"https:\/\/elviajero.com.do\/wp-content\/uploads\/2026\/03\/IMG-20260319-WA0065.jpg 922w, https:\/\/elviajero.com.do\/wp-content\/uploads\/2026\/03\/IMG-20260319-WA0065-298x300.jpg 298w, https:\/\/elviajero.com.do\/wp-content\/uploads\/2026\/03\/IMG-20260319-WA0065-150x150.jpg 150w, https:\/\/elviajero.com.do\/wp-content\/uploads\/2026\/03\/IMG-20260319-WA0065-768x774.jpg 768w\" sizes=\"auto, (max-width: 922px) 100vw, 922px\" \/><\/p>\n<p>Asimismo, la DIGESETT puso especial atenci\u00f3n en el sistema de iluminaci\u00f3n, otro factor determinante en la seguridad vial. Como resultado, fueron retenidos 20 veh\u00edculos pesados que circulaban sin luces, adem\u00e1s de 4 veh\u00edculos livianos en la misma condici\u00f3n.<\/p>\n<p>La falta de iluminaci\u00f3n, sobre todo en horarios nocturnos o en condiciones de poca visibilidad, constituye una de las principales causas de accidentes en carreteras.<\/p>\n<p>Los operativos no solo se limitaron a la fiscalizaci\u00f3n, sino que incluyeron una labor de orientaci\u00f3n directa a los conductores, a quienes se les reiter\u00f3 la importancia de mantener sus veh\u00edculos en \u00f3ptimas condiciones antes de emprender cualquier desplazamiento.<\/p>\n<p>Las autoridades hicieron \u00e9nfasis en que la prevenci\u00f3n comienza con una revisi\u00f3n mec\u00e1nica responsable, que incluya neum\u00e1ticos en buen estado, frenos funcionales y sistemas de luces operativos.<\/p>\n<p><img loading=\"lazy\" decoding=\"async\" class=\"alignnone size-large wp-image-4266\" src=\"https:\/\/elviajero.com.do\/wp-content\/uploads\/2026\/03\/IMG-20260319-WA0070-1024x1015.jpg\" alt=\"\" width=\"640\" height=\"634\" srcset=\"https:\/\/elviajero.com.do\/wp-content\/uploads\/2026\/03\/IMG-20260319-WA0070-1024x1015.jpg 1024w, https:\/\/elviajero.com.do\/wp-content\/uploads\/2026\/03\/IMG-20260319-WA0070-300x297.jpg 300w, https:\/\/elviajero.com.do\/wp-content\/uploads\/2026\/03\/IMG-20260319-WA0070-150x150.jpg 150w, https:\/\/elviajero.com.do\/wp-content\/uploads\/2026\/03\/IMG-20260319-WA0070-768x762.jpg 768w, https:\/\/elviajero.com.do\/wp-content\/uploads\/2026\/03\/IMG-20260319-WA0070.jpg 1439w\" sizes=\"auto, (max-width: 640px) 100vw, 640px\" \/><\/p>\n<p>La instituci\u00f3n subray\u00f3 que estas acciones forman parte de una estrategia integral para disminuir la siniestralidad vial y garantizar un tr\u00e1nsito m\u00e1s seguro durante el feriado religioso, uno de los per\u00edodos con mayor movilidad en el pa\u00eds.<\/p>\n<p>En ese sentido, la DIGESETT la instituci\u00f3n que dirige el general de la Policia Nacional Pascual Cruz M\u00e9ndez reiter\u00f3 su llamado, especialmente a los conductores de veh\u00edculos pesados, a asumir una conducta responsable en las carreteras, recordando que el cumplimiento de las normas de tr\u00e1nsito y el mantenimiento adecuado de los veh\u00edculos son factores clave para evitar tragedias.<\/p>\n<p>Con estos operativos, las autoridades buscan enviar un mensaje claro: la seguridad vial es una responsabilidad compartida, donde la prevenci\u00f3n y la conciencia ciudadana juegan un papel determinante para proteger vidas en las carreteras dominicanas.<\/p>\n<p>&nbsp;<\/p>\n<p>&nbsp;<\/p>\n<p>&nbsp;<\/p>\n<p>&nbsp;<\/p>\n<p>&nbsp;<\/p>\n<p>&nbsp;<\/p>\n<p>&nbsp;<\/p>\n<p>&nbsp;<\/p>\n<p>&nbsp;<\/p>\n<p>&nbsp;<\/p>\n<p>&nbsp;<\/p>\n<p>&nbsp;<\/p>\n<p>&nbsp;<\/p>\n<p>&nbsp;<\/p>\n<p>&nbsp;<\/p>\n<p>&nbsp;<\/p>\n<p>&nbsp;<\/p>\n<p>&nbsp;<\/p>\n<p>&nbsp;<\/p>\n<p>&nbsp;<\/p>\n","protected":false},"excerpt":{"rendered":"<p>&nbsp; Rafael Castro | Santo Domingo, RD En un esfuerzo por reducir accidentes de tr\u00e1nsito&#8230;<\/p>\n","protected":false},"author":3,"featured_media":4264,"comment_status":"open","ping_status":"open","sticky":false,"template":"","format":"standard","meta":{"footnotes":""},"categories":[2,5],"tags":[],"class_list":["post-4263","post","type-post","status-publish","format-standard","has-post-thumbnail","hentry","category-nacionales","category-portada"],"_links":{"self":[{"href":"https:\/\/elviajero.com.do\/index.php\/wp-json\/wp\/v2\/posts\/4263","targetHints":{"allow":["GET"]}}],"collection":[{"href":"https:\/\/elviajero.com.do\/index.php\/wp-json\/wp\/v2\/posts"}],"about":[{"href":"https:\/\/elviajero.com.do\/index.php\/wp-json\/wp\/v2\/types\/post"}],"author":[{"embeddable":true,"href":"https:\/\/elviajero.com.do\/index.php\/wp-json\/wp\/v2\/users\/3"}],"replies":[{"embeddable":true,"href":"https:\/\/elviajero.com.do\/index.php\/wp-json\/wp\/v2\/comments?post=4263"}],"version-history":[{"count":1,"href":"https:\/\/elviajero.com.do\/index.php\/wp-json\/wp\/v2\/posts\/4263\/revisions"}],"predecessor-version":[{"id":4267,"href":"https:\/\/elviajero.com.do\/index.php\/wp-json\/wp\/v2\/posts\/4263\/revisions\/4267"}],"wp:featuredmedia":[{"embeddable":true,"href":"https:\/\/elviajero.com.do\/index.php\/wp-json\/wp\/v2\/media\/4264"}],"wp:attachment":[{"href":"https:\/\/elviajero.com.do\/index.php\/wp-json\/wp\/v2\/media?parent=4263"}],"wp:term":[{"taxonomy":"category","embeddable":true,"href":"https:\/\/elviajero.com.do\/index.php\/wp-json\/wp\/v2\/categories?post=4263"},{"taxonomy":"post_tag","embeddable":true,"href":"https:\/\/elviajero.com.do\/index.php\/wp-json\/wp\/v2\/tags?post=4263"}],"curies":[{"name":"wp","href":"https:\/\/api.w.org\/{rel}","templated":true}]}}