{"id":4303,"date":"2026-03-22T19:15:01","date_gmt":"2026-03-22T23:15:01","guid":{"rendered":"https:\/\/elviajero.com.do\/?p=4303"},"modified":"2026-03-22T19:16:56","modified_gmt":"2026-03-22T23:16:56","slug":"abinader-llamada-a-empresarios-apostar-al-teletrabajo-ante-la-crisis-petrolera","status":"publish","type":"post","link":"https:\/\/elviajero.com.do\/index.php\/2026\/03\/22\/abinader-llamada-a-empresarios-apostar-al-teletrabajo-ante-la-crisis-petrolera\/","title":{"rendered":"Abinader llamada a empresarios apostar al teletrabajo ante la crisis petrolera"},"content":{"rendered":"<p>&nbsp;<\/p>\n<p data-start=\"42\" data-end=\"377\">Santo Domingo, RD.\u2013<\/p>\n<p>22 de marzo 2026<\/p>\n<p>En un contexto internacional marcado por la incertidumbre energ\u00e9tica, el presidente Luis Abinader hizo este domingo un llamado directo al sector empresarial dominicano: apostar por el teletrabajo como una herramienta inmediata para mitigar el impacto econ\u00f3mico derivado de la guerra en Ir\u00e1n.<\/p>\n<p data-start=\"379\" data-end=\"822\">En un mensaje dirigido a la naci\u00f3n, el mandatario advirti\u00f3 que el conflicto en Medio Oriente ha tensionado los mercados globales, especialmente por la situaci\u00f3n en el estrat\u00e9gico Estrecho de Ormuz, por donde circula cerca del 20 % del petr\u00f3leo mundial.<\/p>\n<p>\u00a0Esta realidad ha disparado los precios internacionales del crudo, generando un efecto en cadena que impacta directamente los costos de combustibles, transporte y energ\u00eda.<\/p>\n<p data-start=\"824\" data-end=\"1085\">La Rep\u00fablica Dominicana no ha escapado a esta din\u00e1mica. En el mercado local, los precios de las gasolinas han experimentado incrementos de hasta 15 pesos, reflejando la presi\u00f3n externa sobre una econom\u00eda altamente dependiente de la importaci\u00f3n de hidrocarburos.<\/p>\n<p data-start=\"1087\" data-end=\"1492\">Ante este panorama, Abinader apel\u00f3 a una \u201cresponsabilidad compartida\u201d entre el Estado, el sector privado y la ciudadan\u00eda.<\/p>\n<p>\u00a0En ese sentido, subray\u00f3 que las empresas pueden desempe\u00f1ar un papel clave mediante la implementaci\u00f3n de esquemas de trabajo remoto, reduciendo as\u00ed la movilidad y el consumo de combustibles. Paralelamente, inst\u00f3 a la poblaci\u00f3n a hacer un uso m\u00e1s eficiente de los recursos energ\u00e9ticos.<\/p>\n<p>El Gobierno, por su parte, asegur\u00f3 que ya ha activado una serie de medidas para amortiguar los efectos de la crisis. Entre ellas, destaca la reasignaci\u00f3n de aproximadamente 10,000 millones de pesos hacia programas sociales, un subsidio de 1,000 millones de pesos destinado a fertilizantes ,clave para el sector agropecuario y un monitoreo constante de la evoluci\u00f3n de los precios internacionales.<\/p>\n<p data-start=\"1893\" data-end=\"2192\">El jefe de Estado tambi\u00e9n defendi\u00f3 los ajustes graduales aplicados a los combustibles, que oscilan entre un 5.2 % y un 6.7 %, argumentando que se trata de decisiones necesarias para aliviar la carga fiscal en un escenario donde el precio del petr\u00f3leo ha escalado de 65 a casi 100 d\u00f3lares por barril.<\/p>\n<p data-start=\"2194\" data-end=\"2532\">A pesar del entorno adverso, Abinader insisti\u00f3 en que la econom\u00eda dominicana se mantiene firme. Destac\u00f3 que el pa\u00eds cuenta con reservas internacionales superiores a los 16,000 millones de d\u00f3lares y acceso a financiamiento en condiciones favorables, lo que permite enfrentar este \u201cchoque externo\u201d sin que se traduzca en una crisis interna.<\/p>\n<p data-start=\"2534\" data-end=\"2827\" data-is-last-node=\"\" data-is-only-node=\"\">\u201cEl Gobierno asumir\u00e1 la mayor parte del esfuerzo, pero ser\u00e1 necesario un sacrificio compartido\u201d, expres\u00f3 el mandatario, al reiterar el compromiso de su administraci\u00f3n de preservar la estabilidad econ\u00f3mica y proteger a las familias dominicanas frente a un escenario global cada vez m\u00e1s vol\u00e1til.<\/p>\n<p>&nbsp;<\/p>\n","protected":false},"excerpt":{"rendered":"<p>&nbsp; Santo Domingo, RD.\u2013 22 de marzo 2026 En un contexto internacional marcado por la&#8230;<\/p>\n","protected":false},"author":3,"featured_media":4305,"comment_status":"open","ping_status":"open","sticky":false,"template":"","format":"standard","meta":{"footnotes":""},"categories":[5],"tags":[],"class_list":["post-4303","post","type-post","status-publish","format-standard","has-post-thumbnail","hentry","category-portada"],"_links":{"self":[{"href":"https:\/\/elviajero.com.do\/index.php\/wp-json\/wp\/v2\/posts\/4303","targetHints":{"allow":["GET"]}}],"collection":[{"href":"https:\/\/elviajero.com.do\/index.php\/wp-json\/wp\/v2\/posts"}],"about":[{"href":"https:\/\/elviajero.com.do\/index.php\/wp-json\/wp\/v2\/types\/post"}],"author":[{"embeddable":true,"href":"https:\/\/elviajero.com.do\/index.php\/wp-json\/wp\/v2\/users\/3"}],"replies":[{"embeddable":true,"href":"https:\/\/elviajero.com.do\/index.php\/wp-json\/wp\/v2\/comments?post=4303"}],"version-history":[{"count":1,"href":"https:\/\/elviajero.com.do\/index.php\/wp-json\/wp\/v2\/posts\/4303\/revisions"}],"predecessor-version":[{"id":4304,"href":"https:\/\/elviajero.com.do\/index.php\/wp-json\/wp\/v2\/posts\/4303\/revisions\/4304"}],"wp:featuredmedia":[{"embeddable":true,"href":"https:\/\/elviajero.com.do\/index.php\/wp-json\/wp\/v2\/media\/4305"}],"wp:attachment":[{"href":"https:\/\/elviajero.com.do\/index.php\/wp-json\/wp\/v2\/media?parent=4303"}],"wp:term":[{"taxonomy":"category","embeddable":true,"href":"https:\/\/elviajero.com.do\/index.php\/wp-json\/wp\/v2\/categories?post=4303"},{"taxonomy":"post_tag","embeddable":true,"href":"https:\/\/elviajero.com.do\/index.php\/wp-json\/wp\/v2\/tags?post=4303"}],"curies":[{"name":"wp","href":"https:\/\/api.w.org\/{rel}","templated":true}]}}