{"id":4326,"date":"2026-03-23T15:50:56","date_gmt":"2026-03-23T19:50:56","guid":{"rendered":"https:\/\/elviajero.com.do\/?p=4326"},"modified":"2026-03-23T15:51:07","modified_gmt":"2026-03-23T19:51:07","slug":"el-presidente-abinader-viaja-este-lunes-a-paris-francia","status":"publish","type":"post","link":"https:\/\/elviajero.com.do\/index.php\/2026\/03\/23\/el-presidente-abinader-viaja-este-lunes-a-paris-francia\/","title":{"rendered":"El Presidente Abinader viaja este lunes a Par\u00eds, Francia"},"content":{"rendered":"<p>&nbsp;<\/p>\n<p>El presidente Luis Abinader viaja este lunes a Par\u00eds para desarrollar una agenda oficial de dos d\u00edas, que incluye una reuni\u00f3n con su hom\u00f3logo Emmanuel Macron y est\u00e1 centrada en ampliaci\u00f3n de los v\u00ednculos de cooperaci\u00f3n y comerciales con Francia.<\/p>\n<p>Para el martes 24 de marzo, el presidente acudir\u00e1, en horas de la ma\u00f1ana, a la sede de la OCDE, donde participar\u00e1 en la ceremonia inaugural del Foro Global Anticorrupci\u00f3n e Integridad, donde tendr\u00e1 una intervenci\u00f3n y la firma de un Memorando de Entendimiento.<\/p>\n<p>Tambi\u00e9n sostendr\u00e1 reuniones con representantes de las empresas e inversionistas franceses; asimismo, Abinader posteriormente tendr\u00e1 un almuerzo de trabajo con el secretario general de la OCDE, Mathias Cormann, y tendr\u00e1 una intervenci\u00f3n en la sesi\u00f3n especial con representantes de los 55 pa\u00edses miembros del Governing Board del Centro de Desarrollo de la (OECD Development Centre &#8211; DEV), para presentar las prioridades de Rep\u00fablica Dominicana en el marco de la estrategia 2036.<\/p>\n<p>A las cuatro de la tarde, el jefe del Estado dominicano se reunir\u00e1 con el presidente de la Rep\u00fablica Francesa, Emmanuel Macron, y concluir\u00e1 con un encuentro con la comunidad dominicana residente en Francia.<\/p>\n<p>. En su segundo d\u00eda de actividades en Par\u00eds, el presidente sostendr\u00e1 un desayuno con representantes de empresas francesas en busca de fortalecer los v\u00ednculos comerciales entre ambos pa\u00edses y presentar las oportunidades de inversi\u00f3n en sectores clave como infraestructuras, transporte, log\u00edstica, zonas francas y energ\u00edas renovables.<\/p>\n<p>M\u00e1s tarde encabezar\u00e1 un encuentro con dominicanos organizados en diversos sectores en la naci\u00f3n europea. El regreso del presidente Abinader a la Rep\u00fablica Dominicana est\u00e1 pautado ese d\u00eda.<\/p>\n<p>&nbsp;<\/p>\n","protected":false},"excerpt":{"rendered":"<p>&nbsp; El presidente Luis Abinader viaja este lunes a Par\u00eds para desarrollar una agenda oficial&#8230;<\/p>\n","protected":false},"author":3,"featured_media":4327,"comment_status":"open","ping_status":"open","sticky":false,"template":"","format":"standard","meta":{"footnotes":""},"categories":[5],"tags":[],"class_list":["post-4326","post","type-post","status-publish","format-standard","has-post-thumbnail","hentry","category-portada"],"_links":{"self":[{"href":"https:\/\/elviajero.com.do\/index.php\/wp-json\/wp\/v2\/posts\/4326","targetHints":{"allow":["GET"]}}],"collection":[{"href":"https:\/\/elviajero.com.do\/index.php\/wp-json\/wp\/v2\/posts"}],"about":[{"href":"https:\/\/elviajero.com.do\/index.php\/wp-json\/wp\/v2\/types\/post"}],"author":[{"embeddable":true,"href":"https:\/\/elviajero.com.do\/index.php\/wp-json\/wp\/v2\/users\/3"}],"replies":[{"embeddable":true,"href":"https:\/\/elviajero.com.do\/index.php\/wp-json\/wp\/v2\/comments?post=4326"}],"version-history":[{"count":1,"href":"https:\/\/elviajero.com.do\/index.php\/wp-json\/wp\/v2\/posts\/4326\/revisions"}],"predecessor-version":[{"id":4328,"href":"https:\/\/elviajero.com.do\/index.php\/wp-json\/wp\/v2\/posts\/4326\/revisions\/4328"}],"wp:featuredmedia":[{"embeddable":true,"href":"https:\/\/elviajero.com.do\/index.php\/wp-json\/wp\/v2\/media\/4327"}],"wp:attachment":[{"href":"https:\/\/elviajero.com.do\/index.php\/wp-json\/wp\/v2\/media?parent=4326"}],"wp:term":[{"taxonomy":"category","embeddable":true,"href":"https:\/\/elviajero.com.do\/index.php\/wp-json\/wp\/v2\/categories?post=4326"},{"taxonomy":"post_tag","embeddable":true,"href":"https:\/\/elviajero.com.do\/index.php\/wp-json\/wp\/v2\/tags?post=4326"}],"curies":[{"name":"wp","href":"https:\/\/api.w.org\/{rel}","templated":true}]}}