{"id":4354,"date":"2026-03-24T17:44:32","date_gmt":"2026-03-24T21:44:32","guid":{"rendered":"https:\/\/elviajero.com.do\/?p=4354"},"modified":"2026-03-24T17:44:32","modified_gmt":"2026-03-24T21:44:32","slug":"salvese-quien-pueda-en-el-pld","status":"publish","type":"post","link":"https:\/\/elviajero.com.do\/index.php\/2026\/03\/24\/salvese-quien-pueda-en-el-pld\/","title":{"rendered":"S\u00e1lvese quien pueda en el PLD"},"content":{"rendered":"<p>Por: Alejandro Santos<\/p>\n<p>En el Partido de la Liberaci\u00f3n Dominicana (PLD) se ha desatado una carrera de supervivencia pol\u00edtica y jur\u00eddica que ha colocado el inter\u00e9s personal en la c\u00faspide de las decisiones que adoptan sus miembros. Se observa un cambio radical en su plataforma doctrinaria, particularmente en el principio de que los intereses colectivos deben estar por encima de los individuales, consagrado en su lema: \u201cservir al partido para servir al pueblo\u201d.<\/p>\n<p>Desde su fundaci\u00f3n en 1973, el profesor Juan Bosch concibi\u00f3 una organizaci\u00f3n distinta, orientada a corregir los vicios que arrastraba el Partido Revolucionario Dominicano (PRD), marcado por crisis recurrentes derivadas de las aspiraciones individuales. Bosch estableci\u00f3 como eje central que el partido deb\u00eda estar por encima de las ambiciones, conveniencias o proyectos particulares de sus dirigentes y militantes.<\/p>\n<p>Para darle fuerza y coherencia a esa visi\u00f3n \u2014colocar al partido en una direcci\u00f3n irrenunciable, sustentada en principios superiores\u2014 se establecieron criterios claros.<\/p>\n<p>Primero, la organizaci\u00f3n deb\u00eda concebirse como un cuerpo colectivo, regido por la disciplina, la unidad y un prop\u00f3sito com\u00fan. En esa l\u00f3gica, los miembros no deber\u00edan actuar seg\u00fan impulsos personales, rivalidades internas o c\u00e1lculos particulares, sino subordinados a la l\u00ednea, los objetivos y las decisiones del partido.<\/p>\n<p>Segundo, esa visi\u00f3n procuraba preservar la cohesi\u00f3n interna. En partidos de estructura fuerte, como hist\u00f3ricamente fue el PLD, esta noci\u00f3n permit\u00eda evitar el fraccionamiento, contener el personalismo y proyectar una imagen de organizaci\u00f3n compacta. La disciplina partidaria era presentada como una virtud pol\u00edtica.<\/p>\n<p>Tercero, la supremac\u00eda del inter\u00e9s colectivo ten\u00eda una ra\u00edz doctrinaria profundamente ligada a la tradici\u00f3n boschista: la idea de que el partido no deb\u00eda ser un simple veh\u00edculo electoral, sino una herramienta de direcci\u00f3n pol\u00edtica, con normas, formaci\u00f3n y sentido de misi\u00f3n. Desde esa perspectiva, el dirigente no se pertenece del todo a s\u00ed mismo, sino que est\u00e1 comprometido con un proyecto superior.<\/p>\n<p>Sin embargo, hoy somos testigos de c\u00f3mo esos preceptos se desvanecen. Las continuas renuncias, el lanzamiento anticipado de proyectos presidenciales sustentados en c\u00e1lculos particulares, las negociaciones con el gobierno del Partido Revolucionario Moderno (PRM) y las migraciones hacia la Fuerza del Pueblo colocan al PLD en un laberinto de \u201cs\u00e1lvese quien pueda\u201d.<\/p>\n<p>En esta coyuntura, los proyectos presidenciales dentro del PLD se perfilan m\u00e1s como salidas personales que como propuestas colectivas. Han surgido incluso acusaciones desde el propio partido, se\u00f1alando a Gonzalo Castillo y Abel Mart\u00ednez de tener supuestos acuerdos ocultos con el gobierno y el PRM.<\/p>\n<p>Asimismo, los adversarios internos de Francisco Javier lo acusan de mantener un pacto secreto con Leonel Fern\u00e1ndez. Estas descalificaciones rec\u00edprocas no son m\u00e1s que una manifestaci\u00f3n evidente de la p\u00e9rdida de cohesi\u00f3n partidaria.<\/p>\n<p>Indiscutiblemente, el PLD atraviesa uno de los momentos m\u00e1s cr\u00edticos de su historia. La ca\u00edda en las preferencias electorales, sumada al abandono de su doctrina fundacional, lo coloca al borde de un proceso de descomposici\u00f3n que trasciende a la propia organizaci\u00f3n.<\/p>\n<p>Si el PLD no logra reencontrarse con su esencia, el da\u00f1o no ser\u00e1 \u00fanicamente interno: terminar\u00e1 impactando la estabilidad y el equilibrio del sistema de partidos en la Rep\u00fablica Dominicana.<\/p>\n<p>&nbsp;<\/p>\n<p>&nbsp;<\/p>\n","protected":false},"excerpt":{"rendered":"<p>Por: Alejandro Santos En el Partido de la Liberaci\u00f3n Dominicana (PLD) se ha desatado una&#8230;<\/p>\n","protected":false},"author":3,"featured_media":4355,"comment_status":"open","ping_status":"open","sticky":false,"template":"","format":"standard","meta":{"footnotes":""},"categories":[7],"tags":[],"class_list":["post-4354","post","type-post","status-publish","format-standard","has-post-thumbnail","hentry","category-opiniones"],"_links":{"self":[{"href":"https:\/\/elviajero.com.do\/index.php\/wp-json\/wp\/v2\/posts\/4354","targetHints":{"allow":["GET"]}}],"collection":[{"href":"https:\/\/elviajero.com.do\/index.php\/wp-json\/wp\/v2\/posts"}],"about":[{"href":"https:\/\/elviajero.com.do\/index.php\/wp-json\/wp\/v2\/types\/post"}],"author":[{"embeddable":true,"href":"https:\/\/elviajero.com.do\/index.php\/wp-json\/wp\/v2\/users\/3"}],"replies":[{"embeddable":true,"href":"https:\/\/elviajero.com.do\/index.php\/wp-json\/wp\/v2\/comments?post=4354"}],"version-history":[{"count":1,"href":"https:\/\/elviajero.com.do\/index.php\/wp-json\/wp\/v2\/posts\/4354\/revisions"}],"predecessor-version":[{"id":4356,"href":"https:\/\/elviajero.com.do\/index.php\/wp-json\/wp\/v2\/posts\/4354\/revisions\/4356"}],"wp:featuredmedia":[{"embeddable":true,"href":"https:\/\/elviajero.com.do\/index.php\/wp-json\/wp\/v2\/media\/4355"}],"wp:attachment":[{"href":"https:\/\/elviajero.com.do\/index.php\/wp-json\/wp\/v2\/media?parent=4354"}],"wp:term":[{"taxonomy":"category","embeddable":true,"href":"https:\/\/elviajero.com.do\/index.php\/wp-json\/wp\/v2\/categories?post=4354"},{"taxonomy":"post_tag","embeddable":true,"href":"https:\/\/elviajero.com.do\/index.php\/wp-json\/wp\/v2\/tags?post=4354"}],"curies":[{"name":"wp","href":"https:\/\/api.w.org\/{rel}","templated":true}]}}