{"id":4361,"date":"2026-03-25T16:31:06","date_gmt":"2026-03-25T20:31:06","guid":{"rendered":"https:\/\/elviajero.com.do\/?p=4361"},"modified":"2026-03-25T16:31:18","modified_gmt":"2026-03-25T20:31:18","slug":"reconocen-los-meritos-de-orlando-martinez-con-la-orden-al-merito-de-duarte-sanchez-y-mella","status":"publish","type":"post","link":"https:\/\/elviajero.com.do\/index.php\/2026\/03\/25\/reconocen-los-meritos-de-orlando-martinez-con-la-orden-al-merito-de-duarte-sanchez-y-mella\/","title":{"rendered":"Reconocen los m\u00e9ritos de Orlando Mart\u00ednez con la Orden al M\u00e9rito de Duarte, S\u00e1nchez y Mella"},"content":{"rendered":"<p>Por El\u00edas Barreras\u00a0 Corpor\u00e1n<\/p>\n<p>En un acto solemne encabezado por el presidente de la Rep\u00fablica, Luis Abinader, fue reconocida de manera p\u00f3stuma la trayectoria y los m\u00e9ritos del destacado periodista Orlando Mart\u00ednez, al ser condecorado con la Orden al M\u00e9rito de Duarte, S\u00e1nchez y Mella, una de las m\u00e1s altas distinciones otorgadas por el Estado dominicano.<\/p>\n<p>Esta condecoraci\u00f3n honra la vida, el compromiso y el legado de Orlando Mart\u00ednez, quien se destac\u00f3 por su firme defensa de la verdad, la libertad de expresi\u00f3n y los valores democr\u00e1ticos en momentos cruciales de la historia nacional. Su valent\u00eda y \u00e9tica profesional lo convirtieron en un s\u00edmbolo del periodismo responsable y comprometido en la Rep\u00fablica Dominicana.<\/p>\n<p>Durante el acto, el presidente Luis Abinader resalt\u00f3 que este reconocimiento no solo reivindica la memoria de un hombre \u00edntegro, sino que tambi\u00e9n reafirma el compromiso del Estado con la justicia, la transparencia y el respeto a los derechos fundamentales.<\/p>\n<p>En el marco de la ceremonia, el dirigente pol\u00edtico y comunicador Guido G\u00f3mez Mazara pronunci\u00f3 un emotivo discurso, en el que destac\u00f3 la trascendencia hist\u00f3rica de este reconocimiento.<\/p>\n<p>Se\u00f1al\u00f3 que la figura de Orlando Mart\u00ednez representa la dignidad de un pa\u00eds que no olvida a quienes lucharon por la verdad.<\/p>\n<p>\u201cEste acto es m\u00e1s que una condecoraci\u00f3n; es un compromiso moral con la memoria, con la justicia y con las futuras generaciones que deben conocer el valor de la palabra libre\u201d, expres\u00f3 Guido G\u00f3mez Mazara.<\/p>\n<p>Asimismo, enfatiz\u00f3 que honrar a Orlando Mart\u00ednez es reconocer el sacrificio de quienes enfrentaron la represi\u00f3n con valent\u00eda, dejando una huella imborrable en la historia democr\u00e1tica del pa\u00eds.<\/p>\n<p>La Orden al M\u00e9rito de Duarte, S\u00e1nchez y Mella simboliza los m\u00e1s altos ideales de la naci\u00f3n dominicana, inspirados en los valores patri\u00f3ticos de los Padres de la Patria, y su entrega a Orlando Mart\u00ednez reafirma el compromiso de preservar la memoria hist\u00f3rica y fortalecer los principios democr\u00e1ticos. Hay que destacar que el nuevo edificio de Indotel lleva el Nombre de Orlando Martinez.<\/p>\n","protected":false},"excerpt":{"rendered":"<p>Por El\u00edas Barreras\u00a0 Corpor\u00e1n En un acto solemne encabezado por el presidente de la Rep\u00fablica,&#8230;<\/p>\n","protected":false},"author":3,"featured_media":4362,"comment_status":"open","ping_status":"open","sticky":false,"template":"","format":"standard","meta":{"footnotes":""},"categories":[7],"tags":[],"class_list":["post-4361","post","type-post","status-publish","format-standard","has-post-thumbnail","hentry","category-opiniones"],"_links":{"self":[{"href":"https:\/\/elviajero.com.do\/index.php\/wp-json\/wp\/v2\/posts\/4361","targetHints":{"allow":["GET"]}}],"collection":[{"href":"https:\/\/elviajero.com.do\/index.php\/wp-json\/wp\/v2\/posts"}],"about":[{"href":"https:\/\/elviajero.com.do\/index.php\/wp-json\/wp\/v2\/types\/post"}],"author":[{"embeddable":true,"href":"https:\/\/elviajero.com.do\/index.php\/wp-json\/wp\/v2\/users\/3"}],"replies":[{"embeddable":true,"href":"https:\/\/elviajero.com.do\/index.php\/wp-json\/wp\/v2\/comments?post=4361"}],"version-history":[{"count":1,"href":"https:\/\/elviajero.com.do\/index.php\/wp-json\/wp\/v2\/posts\/4361\/revisions"}],"predecessor-version":[{"id":4363,"href":"https:\/\/elviajero.com.do\/index.php\/wp-json\/wp\/v2\/posts\/4361\/revisions\/4363"}],"wp:featuredmedia":[{"embeddable":true,"href":"https:\/\/elviajero.com.do\/index.php\/wp-json\/wp\/v2\/media\/4362"}],"wp:attachment":[{"href":"https:\/\/elviajero.com.do\/index.php\/wp-json\/wp\/v2\/media?parent=4361"}],"wp:term":[{"taxonomy":"category","embeddable":true,"href":"https:\/\/elviajero.com.do\/index.php\/wp-json\/wp\/v2\/categories?post=4361"},{"taxonomy":"post_tag","embeddable":true,"href":"https:\/\/elviajero.com.do\/index.php\/wp-json\/wp\/v2\/tags?post=4361"}],"curies":[{"name":"wp","href":"https:\/\/api.w.org\/{rel}","templated":true}]}}