{"id":4418,"date":"2026-03-27T16:37:04","date_gmt":"2026-03-27T20:37:04","guid":{"rendered":"https:\/\/elviajero.com.do\/?p=4418"},"modified":"2026-03-27T16:37:04","modified_gmt":"2026-03-27T20:37:04","slug":"caos-y-tension-en-el-aila-mas-de-435-pasajeros-varados-por-falla-mecanica-en-vuelo-a-madrid","status":"publish","type":"post","link":"https:\/\/elviajero.com.do\/index.php\/2026\/03\/27\/caos-y-tension-en-el-aila-mas-de-435-pasajeros-varados-por-falla-mecanica-en-vuelo-a-madrid\/","title":{"rendered":"Caos y tensi\u00f3n en el AILA: m\u00e1s de 435 pasajeros varados por falla mec\u00e1nica en vuelo a Madrid"},"content":{"rendered":"<p>&nbsp;<\/p>\n<p><em>Rafael Castro<\/em><br \/>\n<em>27 de marzo de 2026<\/em><br \/>\n<em>Santo Domingo, RD<\/em><\/p>\n<p>Momentos de tensi\u00f3n, incertidumbre y desesperaci\u00f3n se vivieron este viernes en el Aeropuerto Internacional de Las Am\u00e9ricas, Jos\u00e9 Francisco Pe\u00f1a G\u00f3mez (AILA), donde m\u00e1s de 435 pasajeros que viajar\u00edan a Madrid, Espa\u00f1a, protagonizaron una protesta tras quedar varados debido a un desperfecto mec\u00e1nico en la aeronave de la aerol\u00ednea World2Fly.<\/p>\n<p>Los viajeros, correspondientes al vuelo 2W 3410 que cubrir\u00eda la ruta Santo Domingo, Madrid (SDQ-MAD) la noche del jueves, denunciaron que permanecieron durante largas horas sin informaci\u00f3n clara ni asistencia adecuada, lo que provoc\u00f3 indignaci\u00f3n colectiva y deriv\u00f3 en una especie de amotinamiento en la parte frontal de la terminal aeroportuaria.<\/p>\n<p>Muchos de los afectados aseguraron que llegaron al aeropuerto desde tempranas horas de la tarde del jueves y no fue sino hasta el mediod\u00eda del viernes cuando comenzaron a recibir respuestas parciales sobre la situaci\u00f3n.<\/p>\n<p>En medio de la espera, describieron el ambiente como \u201cangustiante y desesperante\u201d, se\u00f1alando que, en un principio, empleados de la aerol\u00ednea los dejaron \u201ca su suerte\u201d, sin orientaci\u00f3n precisa sobre el estatus del vuelo ni sobre posibles soluciones.<\/p>\n<p><img loading=\"lazy\" decoding=\"async\" class=\"alignnone size-large wp-image-4420\" src=\"https:\/\/elviajero.com.do\/wp-content\/uploads\/2026\/03\/IMG-20260327-WA0048-1024x768.jpg\" alt=\"\" width=\"640\" height=\"480\" srcset=\"https:\/\/elviajero.com.do\/wp-content\/uploads\/2026\/03\/IMG-20260327-WA0048-1024x768.jpg 1024w, https:\/\/elviajero.com.do\/wp-content\/uploads\/2026\/03\/IMG-20260327-WA0048-300x225.jpg 300w, https:\/\/elviajero.com.do\/wp-content\/uploads\/2026\/03\/IMG-20260327-WA0048-768x576.jpg 768w, https:\/\/elviajero.com.do\/wp-content\/uploads\/2026\/03\/IMG-20260327-WA0048-1536x1152.jpg 1536w, https:\/\/elviajero.com.do\/wp-content\/uploads\/2026\/03\/IMG-20260327-WA0048.jpg 1600w\" sizes=\"auto, (max-width: 640px) 100vw, 640px\" \/><\/p>\n<p>De acuerdo con las informaciones ofrecidas, la suspensi\u00f3n del vuelo obedeci\u00f3 a un inconveniente mec\u00e1nico detectado en la aeronave, lo que oblig\u00f3 a posponer la operaci\u00f3n por razones estrictamente de seguridad.<\/p>\n<p>No obstante, la falta de comunicaci\u00f3n oportuna gener\u00f3 mayor inquietud entre los pasajeros, quienes exig\u00edan explicaciones y alternativas inmediatas para continuar su viaje.<\/p>\n<p>La situaci\u00f3n escal\u00f3 cuando decenas de viajeros se concentraron en el \u00e1rea frontal del aeropuerto, elevando su voz de protesta y reclamando atenci\u00f3n.<\/p>\n<p>Ante el riesgo de que se produjeran des\u00f3rdenes mayores, las autoridades aeroportuarias reforzaron los controles de seguridad en la zona, con el objetivo de mantener el orden y evitar incidentes.<\/p>\n<p>En medio del conflicto, parte de los pasajeros comenz\u00f3 a ser trasladada en minibuses hacia distintos hoteles de la capital, donde permanecer\u00e1n alojados temporalmente hasta que se resuelva la situaci\u00f3n, ya sea mediante la reparaci\u00f3n de la aeronave o la asignaci\u00f3n de otro avi\u00f3n que permita completar el trayecto hacia Madrid.<\/p>\n<p><strong>Interviene la Junta de Aviaci\u00f3n Civil<\/strong><\/p>\n<p>Ante la magnitud del incidente, el presidente de la Junta de Aviaci\u00f3n Civil (JAC) asegur\u00f3 que todos los pasajeros afectados recibir\u00e1n la asistencia correspondiente, desmintiendo versiones de abandono por parte de la aerol\u00ednea.<\/p>\n<p>El funcionario explic\u00f3 que, tras sostener conversaciones con World2Fly, la empresa se comprometi\u00f3 a cubrir alimentaci\u00f3n, hospedaje y dem\u00e1s facilidades necesarias mientras se normaliza la operaci\u00f3n.<\/p>\n<p>\u201cSe les estar\u00e1 dando su almuerzo y su alojamiento, como corresponde\u201d, afirm\u00f3, al tiempo de destacar que inspectores de facilitaci\u00f3n de la JAC fueron activados de inmediato para supervisar la atenci\u00f3n a los pasajeros en coordinaci\u00f3n con el comit\u00e9 aeroportuario.<\/p>\n<p>Asimismo, indic\u00f3 que la aeronave contin\u00faa en proceso de mantenimiento t\u00e9cnico, aunque no se descartan otras alternativas para agilizar la salida de los viajeros, como el env\u00edo de otra aeronave o la reubicaci\u00f3n de los pasajeros en vuelos de otras aerol\u00edneas.<\/p>\n<p>El titular del organismo reiter\u00f3 que la instituci\u00f3n mantiene un monitoreo constante del caso, con el objetivo de garantizar que se respeten los derechos de los pasajeros y que reciban un trato digno en medio de la situaci\u00f3n.<\/p>\n<p>Mientras tanto, en el AILA persiste la expectativa entre los afectados, quienes aguardan una soluci\u00f3n definitiva que les permita retomar su viaje hacia la capital espa\u00f1ola, tras una jornada marcada por el caos, la incertidumbre y la frustraci\u00f3n.<\/p>\n","protected":false},"excerpt":{"rendered":"<p>&nbsp; Rafael Castro 27 de marzo de 2026 Santo Domingo, RD Momentos de tensi\u00f3n, incertidumbre&#8230;<\/p>\n","protected":false},"author":3,"featured_media":4419,"comment_status":"open","ping_status":"open","sticky":false,"template":"","format":"standard","meta":{"footnotes":""},"categories":[2,5],"tags":[],"class_list":["post-4418","post","type-post","status-publish","format-standard","has-post-thumbnail","hentry","category-nacionales","category-portada"],"_links":{"self":[{"href":"https:\/\/elviajero.com.do\/index.php\/wp-json\/wp\/v2\/posts\/4418","targetHints":{"allow":["GET"]}}],"collection":[{"href":"https:\/\/elviajero.com.do\/index.php\/wp-json\/wp\/v2\/posts"}],"about":[{"href":"https:\/\/elviajero.com.do\/index.php\/wp-json\/wp\/v2\/types\/post"}],"author":[{"embeddable":true,"href":"https:\/\/elviajero.com.do\/index.php\/wp-json\/wp\/v2\/users\/3"}],"replies":[{"embeddable":true,"href":"https:\/\/elviajero.com.do\/index.php\/wp-json\/wp\/v2\/comments?post=4418"}],"version-history":[{"count":1,"href":"https:\/\/elviajero.com.do\/index.php\/wp-json\/wp\/v2\/posts\/4418\/revisions"}],"predecessor-version":[{"id":4421,"href":"https:\/\/elviajero.com.do\/index.php\/wp-json\/wp\/v2\/posts\/4418\/revisions\/4421"}],"wp:featuredmedia":[{"embeddable":true,"href":"https:\/\/elviajero.com.do\/index.php\/wp-json\/wp\/v2\/media\/4419"}],"wp:attachment":[{"href":"https:\/\/elviajero.com.do\/index.php\/wp-json\/wp\/v2\/media?parent=4418"}],"wp:term":[{"taxonomy":"category","embeddable":true,"href":"https:\/\/elviajero.com.do\/index.php\/wp-json\/wp\/v2\/categories?post=4418"},{"taxonomy":"post_tag","embeddable":true,"href":"https:\/\/elviajero.com.do\/index.php\/wp-json\/wp\/v2\/tags?post=4418"}],"curies":[{"name":"wp","href":"https:\/\/api.w.org\/{rel}","templated":true}]}}