{"id":4426,"date":"2026-03-27T20:14:15","date_gmt":"2026-03-28T00:14:15","guid":{"rendered":"https:\/\/elviajero.com.do\/?p=4426"},"modified":"2026-03-27T20:14:21","modified_gmt":"2026-03-28T00:14:21","slug":"alza-del-combustible-golpea-la-aviacion-y-encarece-los-pasajes-arajet-anuncia-expansion-hacia-venezuela","status":"publish","type":"post","link":"https:\/\/elviajero.com.do\/index.php\/2026\/03\/27\/alza-del-combustible-golpea-la-aviacion-y-encarece-los-pasajes-arajet-anuncia-expansion-hacia-venezuela\/","title":{"rendered":"Alza del combustible golpea la aviaci\u00f3n y encarece los pasajes; Arajet anuncia expansi\u00f3n hacia Venezuela"},"content":{"rendered":"<p>&nbsp;<\/p>\n<p><em>Rafael Castro<br \/>\n27 de marzo de 2026<br \/>\nSanto Domingo.\u2013<\/em><\/p>\n<p>El jefe de Comunicaciones de la l\u00ednea aerea Arajet, Manuel Luna, calific\u00f3 como \u201csumamente preocupante\u201d la escalada del costo del jet fuel, al tiempo que explic\u00f3 que ninguna l\u00ednea a\u00e9rea ha quedado exenta de esta situaci\u00f3n. Ya que todas las aerolineas dominicanas y extranjeras incluyendo Arajet han tenido que reajustar sus tarifas.<\/p>\n<p>El acelerado incremento en los precios del combustible para aeronaves contin\u00faa generando fuertes turbulencias en la industria a\u00e9rea, obligando a las aerol\u00edneas a reajustar sus tarifas y trasladar parte de ese impacto a los pasajeros, en un contexto internacional marcado por tensiones energ\u00e9ticas y encarecimiento del petr\u00f3leo.<\/p>\n<p>As\u00ed lo advirti\u00f3 el jefe de Comunicaciones de la aerol\u00ednea dominicana Arajet, Manuel Luna, quien calific\u00f3 como \u201csumamente preocupante\u201d la escalada del costo del jet fuel, al tiempo que explic\u00f3 que ninguna l\u00ednea a\u00e9rea ha quedado exenta de esta situaci\u00f3n.<\/p>\n<p>\u201cEl aumento del combustible para aeronaves ha sido dram\u00e1tico. Todas las aerol\u00edneas, tanto dominicanas como internacionales, hemos tenido que incrementar el costo de los pasajes para poder absorber ese impacto\u201d, afirm\u00f3.<\/p>\n<p>El ejecutivo precis\u00f3 que, en el caso de la Rep\u00fablica Dominicana, el precio del combustible ha experimentado un incremento cercano al 35 % en las \u00faltimas semanas, afectando directamente la estructura de costos operativos del sector y obligando a las compa\u00f1\u00edas a revisar sus estrategias comerciales.<\/p>\n<p>Este panorama local se enmarca en una tendencia global. Informes recientes se\u00f1alan que el combustible de aviaci\u00f3n, uno de los principales gastos de las aerol\u00edneas, ha registrado aumentos significativos debido a factores geopol\u00edticos y problemas de suministro, lo que ha llevado a subidas generalizadas en los precios de los boletos a\u00e9reos . Incluso, se estima que las tarifas podr\u00edan incrementarse entre un 8 % y un 20 % en distintos mercados internacionales .<\/p>\n<p>Luna advirti\u00f3 que, de mantenerse esta tendencia alcista, podr\u00edan verse comprometidas las metas de crecimiento de Arajet, incluyendo su objetivo de transportar m\u00e1s de dos millones de pasajeros durante el presente a\u00f1o. Seg\u00fan explic\u00f3, el encarecimiento de los pasajes tiende a reducir la demanda, afectando la din\u00e1mica del mercado.<\/p>\n<p>A pesar del complejo escenario, el ejecutivo asegur\u00f3 que la aerol\u00ednea mantiene su compromiso de ofrecer tarifas competitivas dentro de las limitaciones actuales.<\/p>\n<p>\u201cEstamos deseosos de que el precio del petr\u00f3leo se estabilice para poder ofrecer nuevamente vuelos a precios bajos y continuar democratizando los cielos\u201d, expres\u00f3.<\/p>\n<p><strong>Expansi\u00f3n hacia Venezuela<\/strong><\/p>\n<p>En otro orden, Manuel Luna anunci\u00f3 que Arajet iniciar\u00e1 operaciones hacia Venezuela a partir del pr\u00f3ximo mes de junio, marcando su entrada formal a ese mercado tras la reciente apertura a\u00e9rea entre ambos pa\u00edses.<\/p>\n<p>Detall\u00f3 que la aerol\u00ednea comenzar\u00e1 con la ruta Punta Cana\u2013Caracas, operando a trav\u00e9s del Aeropuerto Internacional de Maiquet\u00eda, y que ya cuenta con las autorizaciones necesarias para expandirse hacia otras ciudades venezolanas como Valencia y Maracaibo.<\/p>\n<p>\u201cA partir de junio vamos a comenzar a volar a Venezuela. Iniciaremos con la ruta Punta Cana\u2013Maiquet\u00eda y, dependiendo del desempe\u00f1o, iremos ampliando frecuencias y destinos\u201d, indic\u00f3.<\/p>\n<p>Luna destac\u00f3 que Venezuela representa un mercado estrat\u00e9gico para la aerol\u00ednea dominicana, subrayando que desde sus inicios Arajet hab\u00eda mostrado inter\u00e9s en conectar ambos pa\u00edses.<\/p>\n<p>\u201cFinalmente lo vamos a poder hacer gracias a la apertura entre ambas naciones y a la aprobaci\u00f3n de la Junta de Aviaci\u00f3n Civil\u201d, sostuvo.<\/p>\n<p>Aunque no se ofrecieron detalles sobre la frecuencia de los vuelos ni las tarifas iniciales, el ejecutivo adelant\u00f3 que esa informaci\u00f3n ser\u00e1 anunciada oficialmente en las pr\u00f3ximas semanas, como parte del plan de expansi\u00f3n regional de la compa\u00f1\u00eda.<\/p>\n<p>Con este nuevo destino y en medio de un entorno econ\u00f3mico desafiante, Arajet busca consolidar su posicionamiento en el Caribe y Am\u00e9rica Latina, mientras la industria a\u00e9rea contin\u00faa navegando en medio de la incertidumbre que genera el alza sostenida del combustible.<\/p>\n<p>Principio del formulario<\/p>\n<p>Final del formulario<\/p>\n<p>&nbsp;<\/p>\n","protected":false},"excerpt":{"rendered":"<p>&nbsp; Rafael Castro 27 de marzo de 2026 Santo Domingo.\u2013 El jefe de Comunicaciones de&#8230;<\/p>\n","protected":false},"author":3,"featured_media":4427,"comment_status":"open","ping_status":"open","sticky":false,"template":"","format":"standard","meta":{"footnotes":""},"categories":[2,5],"tags":[],"class_list":["post-4426","post","type-post","status-publish","format-standard","has-post-thumbnail","hentry","category-nacionales","category-portada"],"_links":{"self":[{"href":"https:\/\/elviajero.com.do\/index.php\/wp-json\/wp\/v2\/posts\/4426","targetHints":{"allow":["GET"]}}],"collection":[{"href":"https:\/\/elviajero.com.do\/index.php\/wp-json\/wp\/v2\/posts"}],"about":[{"href":"https:\/\/elviajero.com.do\/index.php\/wp-json\/wp\/v2\/types\/post"}],"author":[{"embeddable":true,"href":"https:\/\/elviajero.com.do\/index.php\/wp-json\/wp\/v2\/users\/3"}],"replies":[{"embeddable":true,"href":"https:\/\/elviajero.com.do\/index.php\/wp-json\/wp\/v2\/comments?post=4426"}],"version-history":[{"count":1,"href":"https:\/\/elviajero.com.do\/index.php\/wp-json\/wp\/v2\/posts\/4426\/revisions"}],"predecessor-version":[{"id":4428,"href":"https:\/\/elviajero.com.do\/index.php\/wp-json\/wp\/v2\/posts\/4426\/revisions\/4428"}],"wp:featuredmedia":[{"embeddable":true,"href":"https:\/\/elviajero.com.do\/index.php\/wp-json\/wp\/v2\/media\/4427"}],"wp:attachment":[{"href":"https:\/\/elviajero.com.do\/index.php\/wp-json\/wp\/v2\/media?parent=4426"}],"wp:term":[{"taxonomy":"category","embeddable":true,"href":"https:\/\/elviajero.com.do\/index.php\/wp-json\/wp\/v2\/categories?post=4426"},{"taxonomy":"post_tag","embeddable":true,"href":"https:\/\/elviajero.com.do\/index.php\/wp-json\/wp\/v2\/tags?post=4426"}],"curies":[{"name":"wp","href":"https:\/\/api.w.org\/{rel}","templated":true}]}}