{"id":4430,"date":"2026-03-28T19:28:40","date_gmt":"2026-03-28T23:28:40","guid":{"rendered":"https:\/\/elviajero.com.do\/?p=4430"},"modified":"2026-03-28T19:28:40","modified_gmt":"2026-03-28T23:28:40","slug":"reprograman-para-las-5-de-la-tarde-vuelo-suspendido-desde-el-aila-a-madrid","status":"publish","type":"post","link":"https:\/\/elviajero.com.do\/index.php\/2026\/03\/28\/reprograman-para-las-5-de-la-tarde-vuelo-suspendido-desde-el-aila-a-madrid\/","title":{"rendered":"Reprograman para las 5 de la tarde vuelo suspendido desde el AILA a Madrid"},"content":{"rendered":"<p>Rafael Castro\u00a0 28 de marzo<\/p>\n<p>El director corporativo de Aeropuertos Dominicanos (<strong>Aerodom<\/strong>), Luis L\u00f3pez, inform\u00f3 que el<strong> vuelo 2W 3410<\/strong>, suspendido en el\u00a0<strong>Aeropuerto Internacional de Las Am\u00e9ricas Jos\u00e9 Francisco Pe\u00f1a G\u00f3mez <\/strong>(AILA) con 435 pasajeros varados, saldr\u00e1 este s\u00e1bado a las 5:00 de la tarde.<\/p>\n<p>La ruta estaba prevista para cubrir <strong>Santo Domingo-Madrid (SDQ-MAD)<\/strong>; la noche del jueves fue interrumpida debido a un inconveniente mec\u00e1nico detectado en la aeronave, obligando a posponer la operaci\u00f3n por razones de seguridad.<\/p>\n<p>Muchos de los pasajeros de este vuelo afirmaron que permanecieron durante largas horas sin informaci\u00f3n clara ni asistencia adecuada sobre el inconveniente, adem\u00e1s de estar desde tempranas horas de la tarde del jueves, y no fue sino hasta el mediod\u00eda del viernes cuando comenzaron a recibir respuestas parciales sobre la situaci\u00f3n.<\/p>\n<p>La reacci\u00f3n por el tard\u00edo fue una especie de amotinamiento en la parte frontal del aeropuerto por el ambiente \u201cangustiante y desesperante\u201d que ellos describieron vivir, donde empleados de la <strong>aerol\u00ednea<\/strong> los dejaron \u201ca su suerte\u201d, sin orientaci\u00f3n precisa sobre el estatus del vuelo ni sobre posibles soluciones.<\/p>\n<p>Para mantener el orden y la seguridad del aeropuerto, parte de los pasajeros fueron trasladados hacia distintos hoteles de la capital y, seg\u00fan sostuvo el director corporativo L\u00f3pez, ya fueron avisados sobre la restauraci\u00f3n de su vuelo.<\/p>\n<p>A\u00f1adi\u00f3 que ser\u00e1n trasladados a la 1:00 de la tarde a la<strong> terminal aeroportuaria <\/strong>y a las 5:00 de la tarde saldr\u00e1n en el mismo avi\u00f3n que fue reparado.<\/p>\n<p>&nbsp;<\/p>\n","protected":false},"excerpt":{"rendered":"<p>Rafael Castro\u00a0 28 de marzo El director corporativo de Aeropuertos Dominicanos (Aerodom), Luis L\u00f3pez, inform\u00f3&#8230;<\/p>\n","protected":false},"author":3,"featured_media":4431,"comment_status":"open","ping_status":"open","sticky":false,"template":"","format":"standard","meta":{"footnotes":""},"categories":[5],"tags":[],"class_list":["post-4430","post","type-post","status-publish","format-standard","has-post-thumbnail","hentry","category-portada"],"_links":{"self":[{"href":"https:\/\/elviajero.com.do\/index.php\/wp-json\/wp\/v2\/posts\/4430","targetHints":{"allow":["GET"]}}],"collection":[{"href":"https:\/\/elviajero.com.do\/index.php\/wp-json\/wp\/v2\/posts"}],"about":[{"href":"https:\/\/elviajero.com.do\/index.php\/wp-json\/wp\/v2\/types\/post"}],"author":[{"embeddable":true,"href":"https:\/\/elviajero.com.do\/index.php\/wp-json\/wp\/v2\/users\/3"}],"replies":[{"embeddable":true,"href":"https:\/\/elviajero.com.do\/index.php\/wp-json\/wp\/v2\/comments?post=4430"}],"version-history":[{"count":1,"href":"https:\/\/elviajero.com.do\/index.php\/wp-json\/wp\/v2\/posts\/4430\/revisions"}],"predecessor-version":[{"id":4432,"href":"https:\/\/elviajero.com.do\/index.php\/wp-json\/wp\/v2\/posts\/4430\/revisions\/4432"}],"wp:featuredmedia":[{"embeddable":true,"href":"https:\/\/elviajero.com.do\/index.php\/wp-json\/wp\/v2\/media\/4431"}],"wp:attachment":[{"href":"https:\/\/elviajero.com.do\/index.php\/wp-json\/wp\/v2\/media?parent=4430"}],"wp:term":[{"taxonomy":"category","embeddable":true,"href":"https:\/\/elviajero.com.do\/index.php\/wp-json\/wp\/v2\/categories?post=4430"},{"taxonomy":"post_tag","embeddable":true,"href":"https:\/\/elviajero.com.do\/index.php\/wp-json\/wp\/v2\/tags?post=4430"}],"curies":[{"name":"wp","href":"https:\/\/api.w.org\/{rel}","templated":true}]}}