{"id":4511,"date":"2026-04-03T18:16:06","date_gmt":"2026-04-03T22:16:06","guid":{"rendered":"https:\/\/elviajero.com.do\/?p=4511"},"modified":"2026-04-03T18:16:13","modified_gmt":"2026-04-03T22:16:13","slug":"coe-advierte-que-continuaran-las-lluvias-las-proximas-48-horas-el-gran-santo-domingo","status":"publish","type":"post","link":"https:\/\/elviajero.com.do\/index.php\/2026\/04\/03\/coe-advierte-que-continuaran-las-lluvias-las-proximas-48-horas-el-gran-santo-domingo\/","title":{"rendered":"COE advierte que continuaran las lluvias las pr\u00f3ximas 48 horas; el Gran Santo Domingo"},"content":{"rendered":"<p>&nbsp;<\/p>\n<p>El <strong>Centro de Operaciones de Emergencias<\/strong> (COE) inform\u00f3 que ocho localidades se encuentran bajo alerta ante las lluvias pronosticadas para este Viernes Santo por la incidencia de una vaguada.<\/p>\n<p>El organismo dispuso la<strong> alerta amarilla <\/strong>para la provincia Monse\u00f1or Nouel, mientras que mantiene en alerta verde a Santo Domingo, Distrito Nacional, San Crist\u00f3bal, Santiago, Espaillat, La Vega y San Jos\u00e9 de Ocoa.<\/p>\n<p>De acuerdo al Instituto Dominicano de Meteorolog\u00eda (Indomet) se esperan <strong>lluvias para las pr\u00f3ximas 48 horas <\/strong>sobre el Gran Santo Domingo, San Pedro de Macor\u00eds, San Crist\u00f3bal, San Jos\u00e9 de Ocoa, Azua, La Vega, Santiago, Monse\u00f1or Nouel, San Juan, Bahoruco, Independencia, Barahona, Pedernales.<\/p>\n<p>Para el S\u00e1bado Santo se prev\u00e9 un incremento de las lluvias en gran parte del pa\u00eds, esper\u00e1ndose la ocurrencia de aguaceros moderados a fuertes, con posibles granizadas, tormentas el\u00e9ctricas y r\u00e1fagas de viento. <strong>De acuerdo al Indomet<\/strong>, esto corresponde a un aumento significativo de la humedad m\u00e1s la llegada de una vaguada en los niveles medios de la troposfera y el viento que se tornar\u00e1 del sureste.<\/p>\n<p>Ante esto, recomend\u00f3 a la poblaci\u00f3n tener precauci\u00f3n en carreteras y avenidas.<\/p>\n<p>La entidad record\u00f3 que se declara alerta amarilla cuando la tendencia ascendente del desarrollo del evento implica situaciones inminentes de riesgo y situaciones severas de emergencia. Mientras que, la alerta verde es aquella que se declara cuando las expectativas de un fen\u00f3meno permiten prever la ocurrencia de un evento de car\u00e1cter peligroso para la poblaci\u00f3n. Puede ser parcial o total.<\/p>\n<p>&nbsp;<\/p>\n","protected":false},"excerpt":{"rendered":"<p>&nbsp; El Centro de Operaciones de Emergencias (COE) inform\u00f3 que ocho localidades se encuentran bajo&#8230;<\/p>\n","protected":false},"author":3,"featured_media":4512,"comment_status":"open","ping_status":"open","sticky":false,"template":"","format":"standard","meta":{"footnotes":""},"categories":[5],"tags":[],"class_list":["post-4511","post","type-post","status-publish","format-standard","has-post-thumbnail","hentry","category-portada"],"_links":{"self":[{"href":"https:\/\/elviajero.com.do\/index.php\/wp-json\/wp\/v2\/posts\/4511","targetHints":{"allow":["GET"]}}],"collection":[{"href":"https:\/\/elviajero.com.do\/index.php\/wp-json\/wp\/v2\/posts"}],"about":[{"href":"https:\/\/elviajero.com.do\/index.php\/wp-json\/wp\/v2\/types\/post"}],"author":[{"embeddable":true,"href":"https:\/\/elviajero.com.do\/index.php\/wp-json\/wp\/v2\/users\/3"}],"replies":[{"embeddable":true,"href":"https:\/\/elviajero.com.do\/index.php\/wp-json\/wp\/v2\/comments?post=4511"}],"version-history":[{"count":1,"href":"https:\/\/elviajero.com.do\/index.php\/wp-json\/wp\/v2\/posts\/4511\/revisions"}],"predecessor-version":[{"id":4513,"href":"https:\/\/elviajero.com.do\/index.php\/wp-json\/wp\/v2\/posts\/4511\/revisions\/4513"}],"wp:featuredmedia":[{"embeddable":true,"href":"https:\/\/elviajero.com.do\/index.php\/wp-json\/wp\/v2\/media\/4512"}],"wp:attachment":[{"href":"https:\/\/elviajero.com.do\/index.php\/wp-json\/wp\/v2\/media?parent=4511"}],"wp:term":[{"taxonomy":"category","embeddable":true,"href":"https:\/\/elviajero.com.do\/index.php\/wp-json\/wp\/v2\/categories?post=4511"},{"taxonomy":"post_tag","embeddable":true,"href":"https:\/\/elviajero.com.do\/index.php\/wp-json\/wp\/v2\/tags?post=4511"}],"curies":[{"name":"wp","href":"https:\/\/api.w.org\/{rel}","templated":true}]}}