{"id":4515,"date":"2026-04-03T18:45:12","date_gmt":"2026-04-03T22:45:12","guid":{"rendered":"https:\/\/elviajero.com.do\/?p=4515"},"modified":"2026-04-03T18:45:12","modified_gmt":"2026-04-03T22:45:12","slug":"cielos-en-llamas-iran-y-estados-unidos-cruzan-una-peligrosa-linea-roja-en-el-golfo-persico","status":"publish","type":"post","link":"https:\/\/elviajero.com.do\/index.php\/2026\/04\/03\/cielos-en-llamas-iran-y-estados-unidos-cruzan-una-peligrosa-linea-roja-en-el-golfo-persico\/","title":{"rendered":"Cielos en llamas: Ir\u00e1n y Estados Unidos cruzan una peligrosa l\u00ednea roja en el Golfo P\u00e9rsico"},"content":{"rendered":"<p>&nbsp;<\/p>\n<p data-start=\"97\" data-end=\"451\">En medio de una guerra que apenas supera el mes de iniciada en Oriente Medio, el conflicto ha escalado a un nivel sin precedentes tras el anuncio de Ir\u00e1n de haber derribado dos aviones de combate de Estados Unidos en su territorio, un hecho que sacude el tablero geopol\u00edtico internacional y eleva la tensi\u00f3n en una regi\u00f3n ya marcada por la incertidumbre.<\/p>\n<p data-start=\"453\" data-end=\"879\">Las autoridades iran\u00edes aseguran que sus sistemas de defensa lograron abatir dos aeronaves estadounidenses en operaciones separadas.<\/p>\n<p>\u00a0Sin embargo, desde Washington la versi\u00f3n es m\u00e1s cauta: solo se ha confirmado la ca\u00edda de un caza F-15, mientras se mantiene silencio o ambig\u00fcedad sobre el supuesto segundo derribo. Esta divergencia de relatos no ha hecho m\u00e1s que alimentar la confusi\u00f3n y la preocupaci\u00f3n en torno a lo ocurrido.<\/p>\n<p data-start=\"881\" data-end=\"1416\">El incidente m\u00e1s delicado involucra precisamente al F-15, cuyo paradero exacto sigue siendo incierto. Informaciones preliminares, recogidas por medios internacionales, sit\u00faan el suceso al sur de Ir\u00e1n, en una zona estrat\u00e9gica cercana al Golfo P\u00e9rsico.<\/p>\n<p>\u00a0A bordo de la aeronave viajaban dos tripulantes, cuya suerte a\u00fan no ha sido confirmada oficialmente.<\/p>\n<p>En respuesta, Estados Unidos ha desplegado una operaci\u00f3n de b\u00fasqueda y rescate en la zona, en un intento por dar con los pilotos desaparecidos en medio de un entorno altamente hostil.<\/p>\n<p data-start=\"1418\" data-end=\"1859\">El segundo episodio, igualmente tenso, involucra a un avi\u00f3n de ataque A-10 Warthog que, seg\u00fan fuentes estadounidenses, se estrell\u00f3 cerca del estrecho de Ormuz, uno de los puntos m\u00e1s sensibles para el comercio energ\u00e9tico global.<\/p>\n<p>A diferencia del caso anterior, el piloto logr\u00f3 sobrevivir y se encuentra bajo custodia de fuerzas estadounidenses, lo que alivia parcialmente la gravedad del incidente, pero no reduce el peso simb\u00f3lico del hecho.<\/p>\n<p data-start=\"1861\" data-end=\"2351\">Mientras tanto, la respuesta iran\u00ed ha sido contundente y cargada de simbolismo militar. La Guardia Revolucionaria ha intensificado el rastreo en la zona donde habr\u00eda ca\u00eddo el F-15, al tiempo que Teher\u00e1n ha ofrecido una recompensa por informaci\u00f3n que conduzca a la localizaci\u00f3n del piloto estadounidense desaparecido.<\/p>\n<p>\u00a0En un tono a\u00fan m\u00e1s desafiante, se ha prometido incluso una condecoraci\u00f3n a quien logre capturarlo o abatirlo, lo que a\u00f1ade un elemento de dramatismo y riesgo a la situaci\u00f3n.<\/p>\n<p data-start=\"2353\" data-end=\"2683\">En paralelo, reportes de agencias iran\u00edes se\u00f1alan que helic\u00f3pteros estadounidenses han sido vistos volando a baja altura en aparentes misiones de b\u00fasqueda. Algunos videos difundidos muestran a residentes disparando contra estas aeronaves, reflejando el clima de tensi\u00f3n y hostilidad que se vive en las zonas cercanas al incidente.<\/p>\n<p data-start=\"2685\" data-end=\"3044\">Este episodio marca un punto de inflexi\u00f3n en el conflicto, al representar un enfrentamiento directo entre fuerzas de Ir\u00e1n y Estados Unidos, algo que hasta ahora se hab\u00eda evitado de manera abierta.<\/p>\n<p>\u00a0La posibilidad de una escalada mayor se cierne sobre la regi\u00f3n, mientras la comunidad internacional observa con preocupaci\u00f3n el desarrollo de los acontecimientos.<\/p>\n<p data-start=\"3046\" data-end=\"3353\" data-is-last-node=\"\" data-is-only-node=\"\">Con el Golfo P\u00e9rsico convertido nuevamente en escenario de confrontaci\u00f3n, y con versiones encontradas sobre lo sucedido, la incertidumbre domina el panorama.<\/p>\n<p>\u00a0Lo que est\u00e1 claro es que el conflicto ha entrado en una fase m\u00e1s peligrosa, donde cada movimiento puede desencadenar consecuencias de alcance global.<\/p>\n<p>&nbsp;<\/p>\n","protected":false},"excerpt":{"rendered":"<p>&nbsp; En medio de una guerra que apenas supera el mes de iniciada en Oriente&#8230;<\/p>\n","protected":false},"author":3,"featured_media":4517,"comment_status":"open","ping_status":"open","sticky":false,"template":"","format":"standard","meta":{"footnotes":""},"categories":[4],"tags":[],"class_list":["post-4515","post","type-post","status-publish","format-standard","has-post-thumbnail","hentry","category-internacionales"],"_links":{"self":[{"href":"https:\/\/elviajero.com.do\/index.php\/wp-json\/wp\/v2\/posts\/4515","targetHints":{"allow":["GET"]}}],"collection":[{"href":"https:\/\/elviajero.com.do\/index.php\/wp-json\/wp\/v2\/posts"}],"about":[{"href":"https:\/\/elviajero.com.do\/index.php\/wp-json\/wp\/v2\/types\/post"}],"author":[{"embeddable":true,"href":"https:\/\/elviajero.com.do\/index.php\/wp-json\/wp\/v2\/users\/3"}],"replies":[{"embeddable":true,"href":"https:\/\/elviajero.com.do\/index.php\/wp-json\/wp\/v2\/comments?post=4515"}],"version-history":[{"count":1,"href":"https:\/\/elviajero.com.do\/index.php\/wp-json\/wp\/v2\/posts\/4515\/revisions"}],"predecessor-version":[{"id":4518,"href":"https:\/\/elviajero.com.do\/index.php\/wp-json\/wp\/v2\/posts\/4515\/revisions\/4518"}],"wp:featuredmedia":[{"embeddable":true,"href":"https:\/\/elviajero.com.do\/index.php\/wp-json\/wp\/v2\/media\/4517"}],"wp:attachment":[{"href":"https:\/\/elviajero.com.do\/index.php\/wp-json\/wp\/v2\/media?parent=4515"}],"wp:term":[{"taxonomy":"category","embeddable":true,"href":"https:\/\/elviajero.com.do\/index.php\/wp-json\/wp\/v2\/categories?post=4515"},{"taxonomy":"post_tag","embeddable":true,"href":"https:\/\/elviajero.com.do\/index.php\/wp-json\/wp\/v2\/tags?post=4515"}],"curies":[{"name":"wp","href":"https:\/\/api.w.org\/{rel}","templated":true}]}}