{"id":4526,"date":"2026-04-04T15:41:11","date_gmt":"2026-04-04T19:41:11","guid":{"rendered":"https:\/\/elviajero.com.do\/?p=4526"},"modified":"2026-04-04T15:41:22","modified_gmt":"2026-04-04T19:41:22","slug":"ramon-lopez-felicita-a-los-periodistas-en-su-dia-y-destaca-su-labor-en-el-desarrollo-regional","status":"publish","type":"post","link":"https:\/\/elviajero.com.do\/index.php\/2026\/04\/04\/ramon-lopez-felicita-a-los-periodistas-en-su-dia-y-destaca-su-labor-en-el-desarrollo-regional\/","title":{"rendered":"Ram\u00f3n L\u00f3pez felicita a los periodistas en su d\u00eda y destaca su labor en el desarrollo regional"},"content":{"rendered":"<p>BARAHONA. \u2013<\/p>\n<p>El maestro Ram\u00f3n L\u00f3pez Ynoa, candidato a la Subdirecci\u00f3n Acad\u00e9mica de la UASD Recinto Barahona para el periodo 2026-2030, envi\u00f3 un caluroso mensaje de felicitaci\u00f3n a todos los profesionales del periodismo al celebrarse este 5 de abril el D\u00eda Nacional del Periodista.<br \/>\nL\u00f3pez Ynoa resalt\u00f3 que el ejercicio period\u00edstico es una pieza fundamental para la democracia y el fortalecimiento institucional, especialmente en la regi\u00f3n Enriquillo, donde los comunicadores fungen como portavoces de las necesidades y los logros de sus comunidades.<br \/>\n\"Reconocemos la entrega, el valor y la \u00e9tica de hombres y mujeres que, d\u00eda a d\u00eda, asumen el compromiso de informar con veracidad. Los periodistas son aliados estrat\u00e9gicos en la construcci\u00f3n de una mejor sociedad y en la transformaci\u00f3n acad\u00e9mica que proyectamos para nuestra universidad\", expres\u00f3 el acad\u00e9mico.<br \/>\nEl candidato a la Subdirecci\u00f3n Acad\u00e9mica aprovech\u00f3 la ocasi\u00f3n para reiterar su compromiso de mantener una pol\u00edtica de puertas abiertas con la prensa desde la gesti\u00f3n universitaria, facilitando el flujo de informaci\u00f3n y colaborando en proyectos que impulsen el desarrollo intelectual y social de la provincia de Barahona.<br \/>\nFinalmente, inst\u00f3 a los profesionales de la pluma y el micr\u00f3fono a continuar ejerciendo su labor con la objetividad y el rigor que demanda la sociedad actual, siempre apegados a los m\u00e1s altos valores \u00e9ticos.<\/p>\n<p>&nbsp;<\/p>\n","protected":false},"excerpt":{"rendered":"<p>BARAHONA. \u2013 El maestro Ram\u00f3n L\u00f3pez Ynoa, candidato a la Subdirecci\u00f3n Acad\u00e9mica de la UASD&#8230;<\/p>\n","protected":false},"author":3,"featured_media":4527,"comment_status":"open","ping_status":"open","sticky":false,"template":"","format":"standard","meta":{"footnotes":""},"categories":[2],"tags":[],"class_list":["post-4526","post","type-post","status-publish","format-standard","has-post-thumbnail","hentry","category-nacionales"],"_links":{"self":[{"href":"https:\/\/elviajero.com.do\/index.php\/wp-json\/wp\/v2\/posts\/4526","targetHints":{"allow":["GET"]}}],"collection":[{"href":"https:\/\/elviajero.com.do\/index.php\/wp-json\/wp\/v2\/posts"}],"about":[{"href":"https:\/\/elviajero.com.do\/index.php\/wp-json\/wp\/v2\/types\/post"}],"author":[{"embeddable":true,"href":"https:\/\/elviajero.com.do\/index.php\/wp-json\/wp\/v2\/users\/3"}],"replies":[{"embeddable":true,"href":"https:\/\/elviajero.com.do\/index.php\/wp-json\/wp\/v2\/comments?post=4526"}],"version-history":[{"count":1,"href":"https:\/\/elviajero.com.do\/index.php\/wp-json\/wp\/v2\/posts\/4526\/revisions"}],"predecessor-version":[{"id":4528,"href":"https:\/\/elviajero.com.do\/index.php\/wp-json\/wp\/v2\/posts\/4526\/revisions\/4528"}],"wp:featuredmedia":[{"embeddable":true,"href":"https:\/\/elviajero.com.do\/index.php\/wp-json\/wp\/v2\/media\/4527"}],"wp:attachment":[{"href":"https:\/\/elviajero.com.do\/index.php\/wp-json\/wp\/v2\/media?parent=4526"}],"wp:term":[{"taxonomy":"category","embeddable":true,"href":"https:\/\/elviajero.com.do\/index.php\/wp-json\/wp\/v2\/categories?post=4526"},{"taxonomy":"post_tag","embeddable":true,"href":"https:\/\/elviajero.com.do\/index.php\/wp-json\/wp\/v2\/tags?post=4526"}],"curies":[{"name":"wp","href":"https:\/\/api.w.org\/{rel}","templated":true}]}}