{"id":4536,"date":"2026-04-04T16:40:49","date_gmt":"2026-04-04T20:40:49","guid":{"rendered":"https:\/\/elviajero.com.do\/?p=4536"},"modified":"2026-04-04T16:40:59","modified_gmt":"2026-04-04T20:40:59","slug":"trump-advierte-a-iran-quedan-48-horas-para-un-acuerdo-o-se-desatara-el-infierno","status":"publish","type":"post","link":"https:\/\/elviajero.com.do\/index.php\/2026\/04\/04\/trump-advierte-a-iran-quedan-48-horas-para-un-acuerdo-o-se-desatara-el-infierno\/","title":{"rendered":"Trump advierte a Ir\u00e1n: Quedan 48 horas para un acuerdo o se \"desatar\u00e1 el infierno\""},"content":{"rendered":"<p>El presidente de Estados Unidos, Donald Trump, advirti\u00f3 este s\u00e1bado a Ir\u00e1n que dispone de 48 horas para cumplir el plazo establecido y alcanzar un acuerdo, o de lo contrario \"se desatar\u00e1 el infierno sobre ellos\".<\/p>\n<p>\"\u00bfRecuerdan cuando le di a Ir\u00e1n diez d\u00edas para llegar a un acuerdo o abrir el estrecho de Ormuz? Se acaba el tiempo: quedan 48 horas para que se desate el infierno sobre ellos. \u00a1Gloria a Dios!\u201d, escribi\u00f3 Trump en Truth Social.<\/p>\n<p>El mandatario ya hab\u00eda ampliado recientemente ese ultim\u00e1tum hasta el 6 de abril para que Ir\u00e1n reabrir\u00e1 el estrecho de Ormuz.<\/p>\n<p>El cierre de este paso mar\u00edtimo, por donde circula una parte importante del petr\u00f3leo mundial, se ha convertido en uno de los elementos m\u00e1s inestables dentro del conflicto en Oriente Medio, iniciado el pasado 28 de febrero tras bombardeos de Estados Unidos e Israel contra Teher\u00e1n.<\/p>\n<p>Trump tambi\u00e9n hab\u00eda advertido que, si Ir\u00e1n no resolv\u00eda la situaci\u00f3n antes del plazo, su gobierno podr\u00eda destruir sus centrales el\u00e9ctricas.<\/p>\n<p>El pasado\u00a01 de abril, el presidente estadounidense afirm\u00f3 que su pa\u00eds podr\u00eda lanzar un ataque \"con mucha fuerza\" contra Ir\u00e1n en un plazo de dos a tres semanas, aunque precis\u00f3 que las conversaciones con Teher\u00e1n segu\u00edan en curso.<\/p>\n<p>En ese contexto, se\u00f1al\u00f3: \"Vamos a atacarlos con mucha fuerza durante las pr\u00f3ximas dos o tres semanas. Vamos a devolverlos a la Edad de Piedra, donde pertenecen\", a\u00f1adiendo luego: \"Mientras tanto, las conversaciones contin\u00faan\".<\/p>\n<p>Adem\u00e1s, sostuvo que el \"cambio de r\u00e9gimen\" en Ir\u00e1n no formaba parte de los objetivos iniciales. \"Nunca hablamos de un cambio de r\u00e9gimen, pero este se ha producido debido a la muerte de todos sus l\u00edderes originales. Todos est\u00e1n muertos. El nuevo grupo es menos radical y mucho m\u00e1s razonable\", afirm\u00f3.<\/p>\n<p>Fuente El Universal de Caracas<\/p>\n","protected":false},"excerpt":{"rendered":"<p>El presidente de Estados Unidos, Donald Trump, advirti\u00f3 este s\u00e1bado a Ir\u00e1n que dispone de&#8230;<\/p>\n","protected":false},"author":3,"featured_media":4537,"comment_status":"open","ping_status":"open","sticky":false,"template":"","format":"standard","meta":{"footnotes":""},"categories":[5],"tags":[],"class_list":["post-4536","post","type-post","status-publish","format-standard","has-post-thumbnail","hentry","category-portada"],"_links":{"self":[{"href":"https:\/\/elviajero.com.do\/index.php\/wp-json\/wp\/v2\/posts\/4536","targetHints":{"allow":["GET"]}}],"collection":[{"href":"https:\/\/elviajero.com.do\/index.php\/wp-json\/wp\/v2\/posts"}],"about":[{"href":"https:\/\/elviajero.com.do\/index.php\/wp-json\/wp\/v2\/types\/post"}],"author":[{"embeddable":true,"href":"https:\/\/elviajero.com.do\/index.php\/wp-json\/wp\/v2\/users\/3"}],"replies":[{"embeddable":true,"href":"https:\/\/elviajero.com.do\/index.php\/wp-json\/wp\/v2\/comments?post=4536"}],"version-history":[{"count":2,"href":"https:\/\/elviajero.com.do\/index.php\/wp-json\/wp\/v2\/posts\/4536\/revisions"}],"predecessor-version":[{"id":4539,"href":"https:\/\/elviajero.com.do\/index.php\/wp-json\/wp\/v2\/posts\/4536\/revisions\/4539"}],"wp:featuredmedia":[{"embeddable":true,"href":"https:\/\/elviajero.com.do\/index.php\/wp-json\/wp\/v2\/media\/4537"}],"wp:attachment":[{"href":"https:\/\/elviajero.com.do\/index.php\/wp-json\/wp\/v2\/media?parent=4536"}],"wp:term":[{"taxonomy":"category","embeddable":true,"href":"https:\/\/elviajero.com.do\/index.php\/wp-json\/wp\/v2\/categories?post=4536"},{"taxonomy":"post_tag","embeddable":true,"href":"https:\/\/elviajero.com.do\/index.php\/wp-json\/wp\/v2\/tags?post=4536"}],"curies":[{"name":"wp","href":"https:\/\/api.w.org\/{rel}","templated":true}]}}