{"id":4540,"date":"2026-04-05T15:21:06","date_gmt":"2026-04-05T19:21:06","guid":{"rendered":"https:\/\/elviajero.com.do\/?p=4540"},"modified":"2026-04-05T15:21:12","modified_gmt":"2026-04-05T19:21:12","slug":"eeuu-envio-armas-a-los-manifestantes-de-iran-segun-confirma-el-presidente-trump","status":"publish","type":"post","link":"https:\/\/elviajero.com.do\/index.php\/2026\/04\/05\/eeuu-envio-armas-a-los-manifestantes-de-iran-segun-confirma-el-presidente-trump\/","title":{"rendered":"EE:UU. envi\u00f3 armas a los manifestantes de Ir\u00e1n, seg\u00fan confirma el presidente Trump"},"content":{"rendered":"<p><strong>\u00a0Estados Unidos<\/strong> <strong>envi\u00f3 armas<\/strong> a los manifestantes de las <strong>protestas<\/strong> antigubernamentales que tuvieron lugar en Ir\u00e1n el pasado <strong>enero<\/strong>, seg\u00fan confirm\u00f3 este domingo el presidente del pa\u00eds, Donald <strong>Trump<\/strong>, a la cadena Fox News.<\/p>\n<p><strong>Trump<\/strong> <strong>explic\u00f3<\/strong> a Trey Yingst, corresponsal extranjero jefe de Fox News, que enviaron armas a trav\u00e9s de los kurdos.<\/p>\n<p>\"<strong>Les enviamos<\/strong> <strong>muchas armas<\/strong>. Se las enviamos a trav\u00e9s de los kurdos. Y creo que los kurdos se las quedaron\", dijo el mandatario.<\/p>\n<p>Esta es la primera vez que <strong>Trump<\/strong> <strong>confiesa p\u00fablicamente<\/strong> el env\u00edo de munici\u00f3n a los manifestantes de Ir\u00e1n, despu\u00e9s de meses denunciando la dura represi\u00f3n que se estaba ejerciendo contra la poblaci\u00f3n.<\/p>\n<p>El pasado mes de <strong>enero<\/strong>, Ir\u00e1n fue testigo de una oleada de <strong>protestas<\/strong> desencadenas por la <strong>crisis econ\u00f3mica<\/strong> en la rep\u00fablica isl\u00e1mica y que ped\u00edan poner fin al r\u00e9gimen de los ayatol\u00e1s, unas manifestaciones que fueron sofocadas tras una dura represi\u00f3n que caus\u00f3 la muerte de 3,117 personas, seg\u00fan el balance oficial.<\/p>\n<p>Organizaciones de derechos humanos como la opositora <strong>HRANA<\/strong>, <strong>con sede en EE. UU.,<\/strong> calculan que esa cifra superar\u00eda los 7,000 y contin\u00faan verificando otros 11.000 casos, mientras estiman en 53,000 los detenidos.<\/p>\n<p><strong>Trump<\/strong> carg\u00f3 duramente contra la represi\u00f3n de Teher\u00e1n y entonces empez\u00f3 a amenazar al pa\u00eds con un ataque masivo, hasta que el <strong>28 de febrero<\/strong> bombarde\u00f3 el territorio en una operaci\u00f3n junto a <strong>Israel<\/strong>.<\/p>\n<p>&nbsp;<\/p>\n","protected":false},"excerpt":{"rendered":"<p>\u00a0Estados Unidos envi\u00f3 armas a los manifestantes de las protestas antigubernamentales que tuvieron lugar en&#8230;<\/p>\n","protected":false},"author":3,"featured_media":4541,"comment_status":"open","ping_status":"open","sticky":false,"template":"","format":"standard","meta":{"footnotes":""},"categories":[5],"tags":[],"class_list":["post-4540","post","type-post","status-publish","format-standard","has-post-thumbnail","hentry","category-portada"],"_links":{"self":[{"href":"https:\/\/elviajero.com.do\/index.php\/wp-json\/wp\/v2\/posts\/4540","targetHints":{"allow":["GET"]}}],"collection":[{"href":"https:\/\/elviajero.com.do\/index.php\/wp-json\/wp\/v2\/posts"}],"about":[{"href":"https:\/\/elviajero.com.do\/index.php\/wp-json\/wp\/v2\/types\/post"}],"author":[{"embeddable":true,"href":"https:\/\/elviajero.com.do\/index.php\/wp-json\/wp\/v2\/users\/3"}],"replies":[{"embeddable":true,"href":"https:\/\/elviajero.com.do\/index.php\/wp-json\/wp\/v2\/comments?post=4540"}],"version-history":[{"count":1,"href":"https:\/\/elviajero.com.do\/index.php\/wp-json\/wp\/v2\/posts\/4540\/revisions"}],"predecessor-version":[{"id":4542,"href":"https:\/\/elviajero.com.do\/index.php\/wp-json\/wp\/v2\/posts\/4540\/revisions\/4542"}],"wp:featuredmedia":[{"embeddable":true,"href":"https:\/\/elviajero.com.do\/index.php\/wp-json\/wp\/v2\/media\/4541"}],"wp:attachment":[{"href":"https:\/\/elviajero.com.do\/index.php\/wp-json\/wp\/v2\/media?parent=4540"}],"wp:term":[{"taxonomy":"category","embeddable":true,"href":"https:\/\/elviajero.com.do\/index.php\/wp-json\/wp\/v2\/categories?post=4540"},{"taxonomy":"post_tag","embeddable":true,"href":"https:\/\/elviajero.com.do\/index.php\/wp-json\/wp\/v2\/tags?post=4540"}],"curies":[{"name":"wp","href":"https:\/\/api.w.org\/{rel}","templated":true}]}}