{"id":4545,"date":"2026-04-05T17:05:41","date_gmt":"2026-04-05T21:05:41","guid":{"rendered":"https:\/\/elviajero.com.do\/?p=4545"},"modified":"2026-04-05T17:10:21","modified_gmt":"2026-04-05T21:10:21","slug":"unidades-aereas-de-la-fard-rescatan-en-las-alturas-del-pico-duarte-a-dos-turistas","status":"publish","type":"post","link":"https:\/\/elviajero.com.do\/index.php\/2026\/04\/05\/unidades-aereas-de-la-fard-rescatan-en-las-alturas-del-pico-duarte-a-dos-turistas\/","title":{"rendered":"Unidades a\u00e9reas de la FARD rescatan en las alturas del Pico Duarte a dos turistas"},"content":{"rendered":"<p data-start=\"86\" data-end=\"138\"><em>Rafael Castro | 5 de abril de 2026 | Santo Domingo<\/em><\/p>\n<p data-start=\"140\" data-end=\"630\">\u00a0Santo Domingo-RD<\/p>\n<p>\u00a0Dos ciudadanos extranjeros vivieron horas de angustia que pudieron terminar en tragedia. Atrapados en las inh\u00f3spitas laderas del Pico Duarte, ambos turistas fueron rescatados en una operaci\u00f3n a\u00e9rea de alto riesgo ejecutada por unidades de la Fuerza A\u00e9rea de la Rep\u00fablica Dominicana (FARD).<\/p>\n<p data-start=\"632\" data-end=\"974\">\u00a0El operativo fue confirmado por el comandante general de la instituci\u00f3n, el mayor general Floreal Su\u00e1rez Mart\u00ednez, quien explic\u00f3 que los extranjeros cuya identidad y nacionalidad no fueron establecidas presentaron problemas de salud mientras realizaban actividades recreativas en la zona con motivo del asueto de Semana Santa.<\/p>\n<p data-start=\"976\" data-end=\"1422\">\u00a0La alerta se produjo a trav\u00e9s de una llamada de emergencia que activ\u00f3 de inmediato los protocolos de evacuaci\u00f3n. En cuesti\u00f3n de minutos, las unidades a\u00e9reas fueron desplegadas hacia el punto, una de las \u00e1reas m\u00e1s remotas y de dif\u00edcil acceso del pa\u00eds.<\/p>\n<p>\u00a0Las condiciones geogr\u00e1ficas del Pico Duarte, caracterizadas por su altitud, temperaturas variables y terrenos escarpados, convierten cualquier operaci\u00f3n de rescate en un desaf\u00edo t\u00e9cnico y humano.<\/p>\n<p data-start=\"1424\" data-end=\"1815\"><img loading=\"lazy\" decoding=\"async\" class=\"alignnone size-large wp-image-4547\" src=\"https:\/\/elviajero.com.do\/wp-content\/uploads\/2026\/04\/IMG-20260405-WA0062-568x1024.jpg\" alt=\"\" width=\"568\" height=\"1024\" srcset=\"https:\/\/elviajero.com.do\/wp-content\/uploads\/2026\/04\/IMG-20260405-WA0062-568x1024.jpg 568w, https:\/\/elviajero.com.do\/wp-content\/uploads\/2026\/04\/IMG-20260405-WA0062-166x300.jpg 166w, https:\/\/elviajero.com.do\/wp-content\/uploads\/2026\/04\/IMG-20260405-WA0062.jpg 710w\" sizes=\"auto, (max-width: 568px) 100vw, 568px\" \/><\/p>\n<p data-start=\"1424\" data-end=\"1815\">La misi\u00f3n fue coordinada de manera conjunta con el Centro de Operaciones de Emergencias (COE) y la Direcci\u00f3n de Servicios de Atenci\u00f3n a Emergencias Extrahospitalarias (DAEH), en una demostraci\u00f3n de integraci\u00f3n institucional frente a situaciones cr\u00edticas.<\/p>\n<p>\u00a0Para la evacuaci\u00f3n, se utiliz\u00f3 un helic\u00f3ptero modelo UH-1H, aeronave con capacidad probada en misiones de rescate en terrenos complejos.<\/p>\n<p data-start=\"1817\" data-end=\"2142\">A bordo de la nave, la tripulaci\u00f3n encabezada por el capit\u00e1n piloto Juan V\u00e1squez \u00c1vila ejecut\u00f3 con precisi\u00f3n las maniobras necesarias para localizar, estabilizar y evacuar a los afectados.<\/p>\n<p>La operaci\u00f3n exigi\u00f3 pericia y sangre fr\u00eda, debido a las condiciones clim\u00e1ticas cambiantes y la limitada visibilidad en zonas monta\u00f1osas.<\/p>\n<p data-start=\"2144\" data-end=\"2441\">Tras ser rescatados, los turistas fueron trasladados al Hospital Regional Traumatol\u00f3gico y Quir\u00fargico Profesor Juan Bosch, en La Vega, donde ya les esperaba un equipo m\u00e9dico preparado para brindar atenci\u00f3n especializada. Seg\u00fan las autoridades, ambos pacientes fueron estabilizados tras su ingreso.<\/p>\n<p data-start=\"2443\" data-end=\"2891\">El mayor general Su\u00e1rez Mart\u00ednez calific\u00f3 la misi\u00f3n como \u201cmuy exitosa\u201d y destac\u00f3 la eficiencia operativa de las unidades de la FARD, subrayando la rapidez de respuesta ante este tipo de emergencias.<\/p>\n<p><img loading=\"lazy\" decoding=\"async\" class=\"alignnone size-large wp-image-4548\" src=\"https:\/\/elviajero.com.do\/wp-content\/uploads\/2026\/04\/IMG-20260405-WA00641-577x1024.jpg\" alt=\"\" width=\"577\" height=\"1024\" srcset=\"https:\/\/elviajero.com.do\/wp-content\/uploads\/2026\/04\/IMG-20260405-WA00641-577x1024.jpg 577w, https:\/\/elviajero.com.do\/wp-content\/uploads\/2026\/04\/IMG-20260405-WA00641-169x300.jpg 169w, https:\/\/elviajero.com.do\/wp-content\/uploads\/2026\/04\/IMG-20260405-WA00641.jpg 721w\" sizes=\"auto, (max-width: 577px) 100vw, 577px\" \/><\/p>\n<p>Asimismo, se\u00f1al\u00f3 que este tipo de intervenciones no es inusual, especialmente durante temporadas altas como la Semana Santa, cuando aumenta significativamente el flujo de excursionistas hacia zonas monta\u00f1osas y destinos tur\u00edsticos de dif\u00edcil acceso.<\/p>\n<p data-start=\"2893\" data-end=\"3204\">\u201cEstas operaciones forman parte de nuestro compromiso permanente con la protecci\u00f3n de vidas humanas, sin importar las condiciones o el terreno\u201d, expres\u00f3 el alto mando militar, al tiempo que reiter\u00f3 que la instituci\u00f3n mantiene una vigilancia activa y capacidad de respuesta inmediata ante cualquier eventualidad.<\/p>\n<p data-start=\"3206\" data-end=\"3564\">El rescate en el Pico Duarte vuelve a poner sobre la mesa la importancia de la planificaci\u00f3n y la precauci\u00f3n al realizar excursiones en \u00e1reas de alta monta\u00f1a.<\/p>\n<p>Tambi\u00e9n resalta el papel crucial de las fuerzas de rescate dominicanas, cuya labor silenciosa y muchas veces invisible, se convierte en la diferencia entre la vida y la muerte en escenarios extremos.<\/p>\n<p data-start=\"3566\" data-end=\"3918\" data-is-last-node=\"\" data-is-only-node=\"\">Mientras miles de vacacionistas contin\u00faan desplaz\u00e1ndose hacia distintos puntos del pa\u00eds durante la Semana Santa, este episodio sirve como recordatorio de que la aventura, sin las debidas medidas de seguridad, puede transformarse en riesgo. Y que, en lo m\u00e1s alto de la geograf\u00eda dominicana, siempre hay ojos vigilantes y manos dispuestas a salvar vidas.<\/p>\n<p>&nbsp;<\/p>\n","protected":false},"excerpt":{"rendered":"<p>Rafael Castro | 5 de abril de 2026 | Santo Domingo \u00a0Santo Domingo-RD \u00a0Dos ciudadanos&#8230;<\/p>\n","protected":false},"author":3,"featured_media":4550,"comment_status":"open","ping_status":"open","sticky":false,"template":"","format":"standard","meta":{"footnotes":""},"categories":[5],"tags":[],"class_list":["post-4545","post","type-post","status-publish","format-standard","has-post-thumbnail","hentry","category-portada"],"_links":{"self":[{"href":"https:\/\/elviajero.com.do\/index.php\/wp-json\/wp\/v2\/posts\/4545","targetHints":{"allow":["GET"]}}],"collection":[{"href":"https:\/\/elviajero.com.do\/index.php\/wp-json\/wp\/v2\/posts"}],"about":[{"href":"https:\/\/elviajero.com.do\/index.php\/wp-json\/wp\/v2\/types\/post"}],"author":[{"embeddable":true,"href":"https:\/\/elviajero.com.do\/index.php\/wp-json\/wp\/v2\/users\/3"}],"replies":[{"embeddable":true,"href":"https:\/\/elviajero.com.do\/index.php\/wp-json\/wp\/v2\/comments?post=4545"}],"version-history":[{"count":1,"href":"https:\/\/elviajero.com.do\/index.php\/wp-json\/wp\/v2\/posts\/4545\/revisions"}],"predecessor-version":[{"id":4549,"href":"https:\/\/elviajero.com.do\/index.php\/wp-json\/wp\/v2\/posts\/4545\/revisions\/4549"}],"wp:featuredmedia":[{"embeddable":true,"href":"https:\/\/elviajero.com.do\/index.php\/wp-json\/wp\/v2\/media\/4550"}],"wp:attachment":[{"href":"https:\/\/elviajero.com.do\/index.php\/wp-json\/wp\/v2\/media?parent=4545"}],"wp:term":[{"taxonomy":"category","embeddable":true,"href":"https:\/\/elviajero.com.do\/index.php\/wp-json\/wp\/v2\/categories?post=4545"},{"taxonomy":"post_tag","embeddable":true,"href":"https:\/\/elviajero.com.do\/index.php\/wp-json\/wp\/v2\/tags?post=4545"}],"curies":[{"name":"wp","href":"https:\/\/api.w.org\/{rel}","templated":true}]}}