{"id":4573,"date":"2026-04-07T16:07:47","date_gmt":"2026-04-07T20:07:47","guid":{"rendered":"https:\/\/elviajero.com.do\/?p=4573"},"modified":"2026-04-07T16:08:41","modified_gmt":"2026-04-07T20:08:41","slug":"republica-dominicana-impulsa-la-integracion-aerea-regional-desde-chile","status":"publish","type":"post","link":"https:\/\/elviajero.com.do\/index.php\/2026\/04\/07\/republica-dominicana-impulsa-la-integracion-aerea-regional-desde-chile\/","title":{"rendered":"Rep\u00fablica Dominicana impulsa la integraci\u00f3n a\u00e9rea regional desde Chile"},"content":{"rendered":"<p>&nbsp;<\/p>\n<p data-start=\"76\" data-end=\"418\"><em data-start=\"76\" data-end=\"97\">\u00a0<\/em><em>Santiago de Chile.\u2013<\/em><br data-start=\"97\" data-end=\"100\" \/>En medio de una din\u00e1mica agenda internacional que busca redefinir el rumbo de la aviaci\u00f3n civil en Am\u00e9rica Latina y el Caribe, la Rep\u00fablica Dominicana reafirma su liderazgo en el sector con una participaci\u00f3n en las reuniones de alto nivel que se desarrollan en esta capital chilena hasta el pr\u00f3ximo 12 de abril.<\/p>\n<p data-start=\"420\" data-end=\"826\">La delegaci\u00f3n dominicana, encabezada por H\u00e9ctor Porcella, presidente de la Junta de Aviaci\u00f3n Civil (JAC) y de la Comisi\u00f3n Latinoamericana de Aviaci\u00f3n Civil (CLAC), ha asumido un rol protag\u00f3nico en los debates orientados a fortalecer la cooperaci\u00f3n entre los Estados miembros y a consolidar pol\u00edticas p\u00fablicas que impulsen el desarrollo e integraci\u00f3n del transporte a\u00e9reo en la regi\u00f3n.<\/p>\n<p data-start=\"828\" data-end=\"1318\">Desde el pasado 6 de abril, Porcella lidera la CVII Reuni\u00f3n del Comit\u00e9 Ejecutivo de la CLAC, un organismo que re\u00fane a 22 autoridades aeron\u00e1uticas.<\/p>\n<p>\u00a0Bajo su direcci\u00f3n, se ha promovido la adopci\u00f3n de una agenda estrat\u00e9gica para los pr\u00f3ximos dos a\u00f1os, enfocada en \u00e1reas clave como la seguridad operacional, la facilitaci\u00f3n, el transporte a\u00e9reo, la gesti\u00f3n aeroportuaria, la capacitaci\u00f3n t\u00e9cnica y la igualdad de g\u00e9nero, pilares considerados esenciales para el crecimiento sostenible del sector.<\/p>\n<p data-start=\"1320\" data-end=\"1943\">En este escenario de di\u00e1logo y acuerdos, Bolivia dio un paso significativo al suscribir dos instrumentos de liberalizaci\u00f3n de libertades a\u00e9reas promovidos por la CLAC.<\/p>\n<p>\u00a0Estos acuerdos abarcan, por un lado, los servicios exclusivos de carga hasta la s\u00e9ptima libertad y, por otro, los servicios combinados de carga y pasajeros hasta la sexta libertad.<\/p>\n<p>La firma se realiz\u00f3 con la presencia del ministro de Obras P\u00fablicas, Servicios y Vivienda de ese pa\u00eds, Mauricio Zamora, quien reafirm\u00f3 el compromiso boliviano con una pol\u00edtica de apertura orientada a hacer el transporte a\u00e9reo m\u00e1s accesible y eficiente.<\/p>\n<p data-start=\"1945\" data-end=\"2266\">Con la adhesi\u00f3n de Bolivia, el memor\u00e1ndum de entendimiento sobre servicios exclusivos de carga alcanza ya la firma de 13 Estados, mientras que el instrumento relativo a servicios combinados suma nueve pa\u00edses de Am\u00e9rica Latina y el Caribe, reflejando un avance sostenido hacia la liberalizaci\u00f3n del espacio a\u00e9reo regional.<\/p>\n<p data-start=\"2268\" data-end=\"2714\">Durante su intervenci\u00f3n inaugural, Porcella inst\u00f3 a los Estados miembros a aprovechar de manera estrat\u00e9gica estos mecanismos.<\/p>\n<p>\u00a0\u201cEs fundamental utilizar inteligentemente estos instrumentos de liberalizaci\u00f3n, pues constituyen una herramienta clave para enfrentar escenarios cada vez m\u00e1s complejos, marcados por el incremento en los precios de los combustibles\u201d, expres\u00f3, al tiempo que abog\u00f3 por una mayor incorporaci\u00f3n de pa\u00edses a estas iniciativas.<\/p>\n<p data-start=\"2716\" data-end=\"2968\">Su visi\u00f3n apunta a la consolidaci\u00f3n de una zona de libre comercio a\u00e9reo en la regi\u00f3n, un objetivo ambicioso que busca facilitar la conectividad, reducir costos operativos y ampliar las oportunidades de desarrollo econ\u00f3mico para los pa\u00edses involucrados.<\/p>\n<p data-start=\"2970\" data-end=\"3321\">La participaci\u00f3n de la Rep\u00fablica Dominicana en este c\u00f3nclave no solo fortalece su presencia en los escenarios internacionales, sino que tambi\u00e9n reafirma su compromiso con la pol\u00edtica de cielos abiertos, orientada a promover la creaci\u00f3n de nuevas rutas, aumentar las frecuencias de vuelo y mejorar la conectividad a\u00e9rea del pa\u00eds con el resto del mundo.<\/p>\n<p data-start=\"3323\" data-end=\"3532\" data-is-last-node=\"\" data-is-only-node=\"\">En un contexto global marcado por desaf\u00edos econ\u00f3micos y operativos, la naci\u00f3n caribe\u00f1a se posiciona, as\u00ed como un actor clave en la construcci\u00f3n de un sistema aeron\u00e1utico m\u00e1s integrado, competitivo y resiliente.<\/p>\n<p>&nbsp;<\/p>\n","protected":false},"excerpt":{"rendered":"<p>&nbsp; \u00a0Santiago de Chile.\u2013En medio de una din\u00e1mica agenda internacional que busca redefinir el rumbo&#8230;<\/p>\n","protected":false},"author":3,"featured_media":4574,"comment_status":"open","ping_status":"open","sticky":false,"template":"","format":"standard","meta":{"footnotes":""},"categories":[4,5],"tags":[],"class_list":["post-4573","post","type-post","status-publish","format-standard","has-post-thumbnail","hentry","category-internacionales","category-portada"],"_links":{"self":[{"href":"https:\/\/elviajero.com.do\/index.php\/wp-json\/wp\/v2\/posts\/4573","targetHints":{"allow":["GET"]}}],"collection":[{"href":"https:\/\/elviajero.com.do\/index.php\/wp-json\/wp\/v2\/posts"}],"about":[{"href":"https:\/\/elviajero.com.do\/index.php\/wp-json\/wp\/v2\/types\/post"}],"author":[{"embeddable":true,"href":"https:\/\/elviajero.com.do\/index.php\/wp-json\/wp\/v2\/users\/3"}],"replies":[{"embeddable":true,"href":"https:\/\/elviajero.com.do\/index.php\/wp-json\/wp\/v2\/comments?post=4573"}],"version-history":[{"count":1,"href":"https:\/\/elviajero.com.do\/index.php\/wp-json\/wp\/v2\/posts\/4573\/revisions"}],"predecessor-version":[{"id":4575,"href":"https:\/\/elviajero.com.do\/index.php\/wp-json\/wp\/v2\/posts\/4573\/revisions\/4575"}],"wp:featuredmedia":[{"embeddable":true,"href":"https:\/\/elviajero.com.do\/index.php\/wp-json\/wp\/v2\/media\/4574"}],"wp:attachment":[{"href":"https:\/\/elviajero.com.do\/index.php\/wp-json\/wp\/v2\/media?parent=4573"}],"wp:term":[{"taxonomy":"category","embeddable":true,"href":"https:\/\/elviajero.com.do\/index.php\/wp-json\/wp\/v2\/categories?post=4573"},{"taxonomy":"post_tag","embeddable":true,"href":"https:\/\/elviajero.com.do\/index.php\/wp-json\/wp\/v2\/tags?post=4573"}],"curies":[{"name":"wp","href":"https:\/\/api.w.org\/{rel}","templated":true}]}}