{"id":4585,"date":"2026-04-07T19:34:25","date_gmt":"2026-04-07T23:34:25","guid":{"rendered":"https:\/\/elviajero.com.do\/?p=4585"},"modified":"2026-04-07T19:34:25","modified_gmt":"2026-04-07T23:34:25","slug":"trump-dice-que-suspendera-ataques-contra-iran-si-se-abre-el-estrecho-de-ormuz","status":"publish","type":"post","link":"https:\/\/elviajero.com.do\/index.php\/2026\/04\/07\/trump-dice-que-suspendera-ataques-contra-iran-si-se-abre-el-estrecho-de-ormuz\/","title":{"rendered":"Trump dice que suspender\u00e1 ataques contra Ir\u00e1n si se abre el estrecho de Ormuz"},"content":{"rendered":"<p>Washington 7 de abril 2026<\/p>\n<p>El presidente de Estados Unidos, Donald Trump, afirm\u00f3 la tarde de este martes que suspender\u00e1 los ataques contra Ir\u00e1n durante dos semanas si la Rep\u00fablica Isl\u00e1mica acepta la \u201capertura completa, inmediata y segura del Estrecho de Ormuz\u201d, seg\u00fan escribi\u00f3 el mandatario en un mensaje publicado en Truth Social.<\/p>\n<p>Trump asegur\u00f3 que tom\u00f3 la decisi\u00f3n luego de conversar con el primer ministro Shehbaz Sharif y el Mariscal de Campo Asim Munir, de Pakist\u00e1n,<strong> \u201c<\/strong>en las que me pidieron que detuviera el ataque esta noche contra Ir\u00e1n\u201d con la condici\u00f3n de la apertura del estrecho de Ormuz.<\/p>\n<p>\u201cSer\u00e1 un alto el fuego bilateral!\u201d, escribi\u00f3 el mandatario.<\/p>\n<p>En su mensaje, Trump se\u00f1al\u00f3 que la decisi\u00f3n responde a que Estados Unidos considera cumplidos los objetivos militares hasta ahora y asegur\u00f3 que las partes est\u00e1n avanzadas en un acuerdo m\u00e1s amplio.<\/p>\n<p>\u201cEl motivo es que ya hemos cumplido y superado todos los objetivos militares y estamos muy avanzados en la negociaci\u00f3n de un Acuerdo definitivo sobre la PAZ a largo plazo con<strong> Ir\u00e1n y la PAZ <\/strong>en Oriente Medio\u201d, a\u00f1adi\u00f3.<\/p>\n<p><strong>Propuesta de Ir\u00e1n<\/strong><\/p>\n<p>El presidente tambi\u00e9n afirm\u00f3 que existe una propuesta iran\u00ed de 10 puntos que, seg\u00fan su versi\u00f3n, \u201cconstituye una base viable para la negociaci\u00f3n<strong>\u201d<\/strong>, y sostuvo que Washington e Ir\u00e1n han alcanzado consensos en la mayor\u00eda de los puntos en disputa, aunque se\u00f1al\u00f3 que el plazo de dos semanas permitir\u00eda cerrar los detalles finales del acuerdo.<\/p>\n<p>Horas antes trascendi\u00f3 que la propuesta iran\u00ed \u2014transmitida a trav\u00e9s de Islamabad\u2014 incluye condiciones para reducir la tensi\u00f3n, entre ellas el cese de hostilidades, la creaci\u00f3n de un mecanismo que garantice el tr\u00e1nsito por el estrecho de Ormuz, parcialmente restringido desde el inicio del conflicto, y el levantamiento de sanciones.<\/p>\n<p>Trump hab\u00eda fijado previamente un plazo hasta las 20:00 horas de Washington (00:00 GMT) para alcanzar un acuerdo, y advirti\u00f3 durante la jornada que podr\u00eda \u201caniquilar toda una civilizaci\u00f3n\u201d si Ir\u00e1n no abr\u00eda el estrecho antes de que venciera el ultim\u00e1tum.<\/p>\n<p>\u201cEn nombre de los Estados Unidos de Am\u00e9rica, como Presidente, y tambi\u00e9n en representaci\u00f3n de los pa\u00edses de Oriente Medio, es un honor que este problema de larga data est\u00e9 cerca de resolverse\u201d<strong>,<\/strong> concluy\u00f3 Trump en Truth Social.<\/p>\n","protected":false},"excerpt":{"rendered":"<p>Washington 7 de abril 2026 El presidente de Estados Unidos, Donald Trump, afirm\u00f3 la tarde&#8230;<\/p>\n","protected":false},"author":3,"featured_media":4586,"comment_status":"open","ping_status":"open","sticky":false,"template":"","format":"standard","meta":{"footnotes":""},"categories":[5],"tags":[],"class_list":["post-4585","post","type-post","status-publish","format-standard","has-post-thumbnail","hentry","category-portada"],"_links":{"self":[{"href":"https:\/\/elviajero.com.do\/index.php\/wp-json\/wp\/v2\/posts\/4585","targetHints":{"allow":["GET"]}}],"collection":[{"href":"https:\/\/elviajero.com.do\/index.php\/wp-json\/wp\/v2\/posts"}],"about":[{"href":"https:\/\/elviajero.com.do\/index.php\/wp-json\/wp\/v2\/types\/post"}],"author":[{"embeddable":true,"href":"https:\/\/elviajero.com.do\/index.php\/wp-json\/wp\/v2\/users\/3"}],"replies":[{"embeddable":true,"href":"https:\/\/elviajero.com.do\/index.php\/wp-json\/wp\/v2\/comments?post=4585"}],"version-history":[{"count":1,"href":"https:\/\/elviajero.com.do\/index.php\/wp-json\/wp\/v2\/posts\/4585\/revisions"}],"predecessor-version":[{"id":4587,"href":"https:\/\/elviajero.com.do\/index.php\/wp-json\/wp\/v2\/posts\/4585\/revisions\/4587"}],"wp:featuredmedia":[{"embeddable":true,"href":"https:\/\/elviajero.com.do\/index.php\/wp-json\/wp\/v2\/media\/4586"}],"wp:attachment":[{"href":"https:\/\/elviajero.com.do\/index.php\/wp-json\/wp\/v2\/media?parent=4585"}],"wp:term":[{"taxonomy":"category","embeddable":true,"href":"https:\/\/elviajero.com.do\/index.php\/wp-json\/wp\/v2\/categories?post=4585"},{"taxonomy":"post_tag","embeddable":true,"href":"https:\/\/elviajero.com.do\/index.php\/wp-json\/wp\/v2\/tags?post=4585"}],"curies":[{"name":"wp","href":"https:\/\/api.w.org\/{rel}","templated":true}]}}