{"id":4602,"date":"2026-04-08T16:58:24","date_gmt":"2026-04-08T20:58:24","guid":{"rendered":"https:\/\/elviajero.com.do\/?p=4602"},"modified":"2026-04-08T17:03:50","modified_gmt":"2026-04-08T21:03:50","slug":"barandas-para-salvar-vidas-en-la-autopista-al-mar","status":"publish","type":"post","link":"https:\/\/elviajero.com.do\/index.php\/2026\/04\/08\/barandas-para-salvar-vidas-en-la-autopista-al-mar\/","title":{"rendered":"Barandas para salvar vidas en la autopista al mar"},"content":{"rendered":"<p data-start=\"55\" data-end=\"113\"><em data-start=\"55\" data-end=\"91\">Rafael Castro | 8 de abril de 2026<\/em><br data-start=\"91\" data-end=\"94\" \/><em data-start=\"94\" data-end=\"113\">Santo Domingo, RD<\/em><\/p>\n<p data-start=\"115\" data-end=\"651\">\u00a0El Fideicomiso RD Vial inici\u00f3 la instalaci\u00f3n de nuevas barandas met\u00e1licas en el lado derecho de la autopista Las Am\u00e9ricas, en un esfuerzo por reforzar la seguridad de miles de conductores que transitan diariamente por el corredor que conecta la capital con el este del pa\u00eds.<\/p>\n<p data-start=\"653\" data-end=\"1083\">La iniciativa, desarrollada bajo la supervisi\u00f3n de Hostos Rizik Lugo, contempla la colocaci\u00f3n de unos 20 kil\u00f3metros de estructuras met\u00e1licas a lo largo de la autopista.<\/p>\n<p>\u00a0Se trata de una obra que, m\u00e1s all\u00e1 de su aparente sencillez, responde a una necesidad urgente: cerrar los vac\u00edos de protecci\u00f3n que durante a\u00f1os han expuesto a veh\u00edculos y pasajeros a caer hacia el litoral marino en caso de perder el control.<\/p>\n<p data-start=\"1085\" data-end=\"1561\">En sectores como La Ure\u00f1a y Los Frailes, los trabajos ya muestran avances visibles. Tramos que antes permanec\u00edan abiertos hacia el vac\u00edo ahora comienzan a delinearse con una barrera firme, dise\u00f1ada para contener el impacto de un veh\u00edculo y evitar desenlaces fatales.<\/p>\n<p>\u00a0\u00a0Conductores habituales de la zona observan con atenci\u00f3n el progreso, conscientes de que cada metro protegido representa una posibilidad menos de tragedia.<\/p>\n<p data-start=\"1563\" data-end=\"1941\"><img loading=\"lazy\" decoding=\"async\" class=\"alignnone size-full wp-image-4607\" src=\"https:\/\/elviajero.com.do\/wp-content\/uploads\/2026\/04\/IMG-20260408-WA00611.jpg\" alt=\"\" width=\"1600\" height=\"1200\" srcset=\"https:\/\/elviajero.com.do\/wp-content\/uploads\/2026\/04\/IMG-20260408-WA00611.jpg 1600w, https:\/\/elviajero.com.do\/wp-content\/uploads\/2026\/04\/IMG-20260408-WA00611-300x225.jpg 300w, https:\/\/elviajero.com.do\/wp-content\/uploads\/2026\/04\/IMG-20260408-WA00611-1024x768.jpg 1024w, https:\/\/elviajero.com.do\/wp-content\/uploads\/2026\/04\/IMG-20260408-WA00611-768x576.jpg 768w, https:\/\/elviajero.com.do\/wp-content\/uploads\/2026\/04\/IMG-20260408-WA00611-1536x1152.jpg 1536w\" sizes=\"auto, (max-width: 1600px) 100vw, 1600px\" \/><\/p>\n<p data-start=\"1563\" data-end=\"1941\">Rizik Lugo explic\u00f3 que esta intervenci\u00f3n forma parte de un plan integral que busca elevar los est\u00e1ndares de seguridad vial en las principales carreteras del pa\u00eds.<\/p>\n<p>\u00a0\u00a0\u201cLas barandas no solo protegen a los conductores, sino tambi\u00e9n a los peatones que se desplazan por la v\u00eda. Son una defensa crucial en una autopista donde existen amplios espacios desprotegidos hacia el mar\u201d, indic\u00f3.<\/p>\n<p data-start=\"1943\" data-end=\"2326\">\u00a0\u201cEsas protecciones van a salvar muchas vidas y la gente est\u00e1n muy contentas, por es una prevenci\u00f3n a esos terribles casos de accidentes que suceder\u00e1n en la autopsita Las Am\u00e9ricas, en la que los veh\u00edculos tras descarrilarse iban directamente a las aguas del mar caribe porque no hab\u00eda ninguna protecci\u00f3n y finalmente perec\u00edan ahogadas\u201d, Subrayo el funcionario<\/p>\n<p>Y es que la historia reciente de esta arteria ha estado marcada por episodios dolorosos. En m\u00faltiples ocasiones, accidentes han terminado con veh\u00edculos precipit\u00e1ndose hacia las aguas del Caribe, dejando p\u00e9rdidas humanas que a\u00fan resuenan en la memoria de comunidades cercanas.<\/p>\n<p>Destac\u00f3 en ese mismo orden, que las labores de rescate, de los conductores que su veh\u00edculo ca\u00edan a las aguas, muchas veces complejas y tard\u00edas, y no siempre lograban evitar desenlaces fatales.<\/p>\n<p data-start=\"2328\" data-end=\"2584\"><img loading=\"lazy\" decoding=\"async\" class=\"alignnone size-full wp-image-4608\" src=\"https:\/\/elviajero.com.do\/wp-content\/uploads\/2026\/04\/IMG-20260408-WA0062.jpg\" alt=\"\" width=\"1200\" height=\"1600\" srcset=\"https:\/\/elviajero.com.do\/wp-content\/uploads\/2026\/04\/IMG-20260408-WA0062.jpg 1200w, https:\/\/elviajero.com.do\/wp-content\/uploads\/2026\/04\/IMG-20260408-WA0062-225x300.jpg 225w, https:\/\/elviajero.com.do\/wp-content\/uploads\/2026\/04\/IMG-20260408-WA0062-768x1024.jpg 768w, https:\/\/elviajero.com.do\/wp-content\/uploads\/2026\/04\/IMG-20260408-WA0062-1152x1536.jpg 1152w, https:\/\/elviajero.com.do\/wp-content\/uploads\/2026\/04\/IMG-20260408-WA0062-1024x1365.jpg 1024w\" sizes=\"auto, (max-width: 1200px) 100vw, 1200px\" \/>La autopista, que sirve de enlace vital hacia el Aeropuerto Internacional de Las Am\u00e9ricas, registra un flujo constante de veh\u00edculos particulares, transporte p\u00fablico y carga pesada. En ese contexto, cualquier medida de prevenci\u00f3n adquiere un valor estrat\u00e9gico.<\/p>\n<p data-start=\"2586\" data-end=\"2944\">El objetivo, seg\u00fan las autoridades, es claro: cubrir todos los tramos vulnerables desde Santo Domingo hasta el aeropuerto, creando una l\u00ednea continua de protecci\u00f3n que act\u00fae como barrera ante cualquier eventualidad.<\/p>\n<p>\u00a0La visi\u00f3n es transformar una v\u00eda hist\u00f3ricamente expuesta en un trayecto m\u00e1s seguro, donde el paisaje mar\u00edtimo deje de ser una amenaza latente.<\/p>\n<p data-start=\"2946\" data-end=\"3251\" data-is-last-node=\"\" data-is-only-node=\"\">\u00a0Mientras las brigadas contin\u00faan trabajando bajo el sol y el ruido incesante del tr\u00e1nsito, la obra avanza como un recordatorio de que, en materia de seguridad vial, cada detalle cuenta. Porque en esta carretera que bordea el mar, una simple baranda puede marcar la diferencia entre un susto y una tragedia.<\/p>\n<p>&nbsp;<\/p>\n","protected":false},"excerpt":{"rendered":"<p>Rafael Castro | 8 de abril de 2026Santo Domingo, RD \u00a0El Fideicomiso RD Vial inici\u00f3&#8230;<\/p>\n","protected":false},"author":3,"featured_media":4604,"comment_status":"open","ping_status":"open","sticky":false,"template":"","format":"standard","meta":{"footnotes":""},"categories":[2,5],"tags":[],"class_list":["post-4602","post","type-post","status-publish","format-standard","has-post-thumbnail","hentry","category-nacionales","category-portada"],"_links":{"self":[{"href":"https:\/\/elviajero.com.do\/index.php\/wp-json\/wp\/v2\/posts\/4602","targetHints":{"allow":["GET"]}}],"collection":[{"href":"https:\/\/elviajero.com.do\/index.php\/wp-json\/wp\/v2\/posts"}],"about":[{"href":"https:\/\/elviajero.com.do\/index.php\/wp-json\/wp\/v2\/types\/post"}],"author":[{"embeddable":true,"href":"https:\/\/elviajero.com.do\/index.php\/wp-json\/wp\/v2\/users\/3"}],"replies":[{"embeddable":true,"href":"https:\/\/elviajero.com.do\/index.php\/wp-json\/wp\/v2\/comments?post=4602"}],"version-history":[{"count":4,"href":"https:\/\/elviajero.com.do\/index.php\/wp-json\/wp\/v2\/posts\/4602\/revisions"}],"predecessor-version":[{"id":4610,"href":"https:\/\/elviajero.com.do\/index.php\/wp-json\/wp\/v2\/posts\/4602\/revisions\/4610"}],"wp:featuredmedia":[{"embeddable":true,"href":"https:\/\/elviajero.com.do\/index.php\/wp-json\/wp\/v2\/media\/4604"}],"wp:attachment":[{"href":"https:\/\/elviajero.com.do\/index.php\/wp-json\/wp\/v2\/media?parent=4602"}],"wp:term":[{"taxonomy":"category","embeddable":true,"href":"https:\/\/elviajero.com.do\/index.php\/wp-json\/wp\/v2\/categories?post=4602"},{"taxonomy":"post_tag","embeddable":true,"href":"https:\/\/elviajero.com.do\/index.php\/wp-json\/wp\/v2\/tags?post=4602"}],"curies":[{"name":"wp","href":"https:\/\/api.w.org\/{rel}","templated":true}]}}