{"id":4633,"date":"2026-04-09T19:01:46","date_gmt":"2026-04-09T23:01:46","guid":{"rendered":"https:\/\/elviajero.com.do\/?p=4633"},"modified":"2026-04-09T19:01:52","modified_gmt":"2026-04-09T23:01:52","slug":"temporada-ciclonica-2026-menos-activa-pero-con-riesgos-latentes","status":"publish","type":"post","link":"https:\/\/elviajero.com.do\/index.php\/2026\/04\/09\/temporada-ciclonica-2026-menos-activa-pero-con-riesgos-latentes\/","title":{"rendered":"Temporada cicl\u00f3nica 2026: menos activa, pero con riesgos latentes"},"content":{"rendered":"<p>Santo Domingo.\u2013Rep\u00fablica Dominicana<\/p>\n<p>A pocas semanas del inicio oficial de la temporada de huracanes en el Atl\u00e1ntico, el panorama para el Caribe en 2026 se perfila \u201calgo debajo del promedio\u201d, seg\u00fan el m\u00e1s reciente pron\u00f3stico de la Universidad Estatal de Colorado (CSU). Sin embargo, lejos de ser motivo de confianza, los expertos advierten que la preparaci\u00f3n ciudadana debe mantenerse como una prioridad innegociable.<\/p>\n<p>El informe proyecta la formaci\u00f3n de 13 tormentas con nombre, de las cuales seis alcanzar\u00edan categor\u00eda de hurac\u00e1n y apenas dos podr\u00edan convertirse en sistemas mayores, es decir, de categor\u00eda tres o superior.<\/p>\n<p>Estas cifras se sit\u00faan ligeramente por debajo del promedio hist\u00f3rico de 14 tormentas, siete huracanes y tres intensos, lo que sugiere una actividad moderada en la cuenca del Atl\u00e1ntico.<\/p>\n<p>Aun as\u00ed, la investigadora Deli\u00e1n Col\u00f3n Burgos, coautora del pron\u00f3stico, insiste en que la reducci\u00f3n en el n\u00famero de sistemas no elimina el peligro.<\/p>\n<p>\u201cLa preparaci\u00f3n no cambia. Siempre debe ser la misma, sin importar si la temporada es activa o no\u201d, enfatiz\u00f3, al tiempo que record\u00f3 que un menor n\u00famero de tormentas no descarta impactos significativos en tierra.<\/p>\n<p>El comportamiento de fen\u00f3menos clim\u00e1ticos globales ser\u00e1 determinante este a\u00f1o. Actualmente, se registra una fase d\u00e9bil de La Ni\u00f1a, pero existe una alta probabilidad \u2014estimada en un 80 %\u2014 de transici\u00f3n hacia un evento de El Ni\u00f1o durante el pico de la temporada cicl\u00f3nica.<\/p>\n<p>Este fen\u00f3meno tiende a generar vientos cortantes en la atm\u00f3sfera superior, lo que dificulta la formaci\u00f3n e intensificaci\u00f3n de huracanes en el Atl\u00e1ntico.<\/p>\n<p>A este escenario se suman condiciones mixtas en las temperaturas del oc\u00e9ano: mientras el Atl\u00e1ntico tropical occidental presenta aguas m\u00e1s c\u00e1lidas de lo normal, otras zonas del Atl\u00e1ntico tropical y subtropical muestran temperaturas ligeramente m\u00e1s fr\u00edas.<\/p>\n<p>Esta combinaci\u00f3n ha inclinado el pron\u00f3stico hacia una temporada menos activa, aunque los expertos no descartan variaciones en los pr\u00f3ximos meses.<\/p>\n<p>Las probabilidades de impacto tambi\u00e9n reflejan una leve disminuci\u00f3n. Para el Caribe, se estima en un 35 % la posibilidad de que un hurac\u00e1n mayor toque tierra, por debajo del promedio hist\u00f3rico de 47 %.<\/p>\n<p>En tanto, la costa de Estados Unidos presenta un 32 %, con valores a\u00fan menores en regiones espec\u00edficas como la costa este y el Golfo de M\u00e9xico.<\/p>\n<p>Pese a estas cifras, la historia reciente sirve como recordatorio de que la intensidad de un fen\u00f3meno no siempre define su impacto. Col\u00f3n Burgos cit\u00f3 el caso del hurac\u00e1n Fiona, que, siendo categor\u00eda 1, provoc\u00f3 lluvias devastadoras en Puerto Rico, superando incluso registros de eventos m\u00e1s intensos.<\/p>\n<p>\u201cLos efectos asociados, como inundaciones y deslizamientos de tierra, pueden ser igual o m\u00e1s peligrosos que la categor\u00eda del cicl\u00f3n\u201d, subray\u00f3.<\/p>\n<p>El Caribe a\u00fan guarda en la memoria los estragos de la temporada pasada, cuando el hurac\u00e1n Melissa, de categor\u00eda 5, golpe\u00f3 Jamaica dejando p\u00e9rdidas millonarias y decenas de v\u00edctimas, a pesar de que el n\u00famero total de sistemas no fue extraordinario.<\/p>\n<p>Ante este contexto, los expertos reiteran la importancia de la prevenci\u00f3n: almacenar agua y alimentos no perecederos, revisar planes familiares de emergencia y mantenerse informados a trav\u00e9s de fuentes oficiales.<\/p>\n<p>La temporada cicl\u00f3nica se extiende del 1 de junio al 30 de noviembre, un per\u00edodo en el que, m\u00e1s all\u00e1 de las estad\u00edsticas, la vigilancia y la preparaci\u00f3n siguen siendo la mejor defensa\u00f1<\/p>\n<p>Fuente El Nuevo Dia<\/p>\n","protected":false},"excerpt":{"rendered":"<p>Santo Domingo.\u2013Rep\u00fablica Dominicana A pocas semanas del inicio oficial de la temporada de huracanes en&#8230;<\/p>\n","protected":false},"author":3,"featured_media":4635,"comment_status":"open","ping_status":"open","sticky":false,"template":"","format":"standard","meta":{"footnotes":""},"categories":[2,5],"tags":[],"class_list":["post-4633","post","type-post","status-publish","format-standard","has-post-thumbnail","hentry","category-nacionales","category-portada"],"_links":{"self":[{"href":"https:\/\/elviajero.com.do\/index.php\/wp-json\/wp\/v2\/posts\/4633","targetHints":{"allow":["GET"]}}],"collection":[{"href":"https:\/\/elviajero.com.do\/index.php\/wp-json\/wp\/v2\/posts"}],"about":[{"href":"https:\/\/elviajero.com.do\/index.php\/wp-json\/wp\/v2\/types\/post"}],"author":[{"embeddable":true,"href":"https:\/\/elviajero.com.do\/index.php\/wp-json\/wp\/v2\/users\/3"}],"replies":[{"embeddable":true,"href":"https:\/\/elviajero.com.do\/index.php\/wp-json\/wp\/v2\/comments?post=4633"}],"version-history":[{"count":1,"href":"https:\/\/elviajero.com.do\/index.php\/wp-json\/wp\/v2\/posts\/4633\/revisions"}],"predecessor-version":[{"id":4636,"href":"https:\/\/elviajero.com.do\/index.php\/wp-json\/wp\/v2\/posts\/4633\/revisions\/4636"}],"wp:featuredmedia":[{"embeddable":true,"href":"https:\/\/elviajero.com.do\/index.php\/wp-json\/wp\/v2\/media\/4635"}],"wp:attachment":[{"href":"https:\/\/elviajero.com.do\/index.php\/wp-json\/wp\/v2\/media?parent=4633"}],"wp:term":[{"taxonomy":"category","embeddable":true,"href":"https:\/\/elviajero.com.do\/index.php\/wp-json\/wp\/v2\/categories?post=4633"},{"taxonomy":"post_tag","embeddable":true,"href":"https:\/\/elviajero.com.do\/index.php\/wp-json\/wp\/v2\/tags?post=4633"}],"curies":[{"name":"wp","href":"https:\/\/api.w.org\/{rel}","templated":true}]}}