{"id":468,"date":"2025-09-01T16:32:41","date_gmt":"2025-09-01T20:32:41","guid":{"rendered":"https:\/\/elviajero.com.do\/?p=468"},"modified":"2025-09-01T16:32:54","modified_gmt":"2025-09-01T20:32:54","slug":"amazon-inicia-operaciones-aereas-directas-en-republica-dominicana-con-vuelo-inaugural-este-miercoles","status":"publish","type":"post","link":"https:\/\/elviajero.com.do\/index.php\/2025\/09\/01\/amazon-inicia-operaciones-aereas-directas-en-republica-dominicana-con-vuelo-inaugural-este-miercoles\/","title":{"rendered":"Amazon inicia operaciones a\u00e9reas directas en Rep\u00fablica Dominicana con vuelo inaugural este mi\u00e9rcoles"},"content":{"rendered":"<p>&nbsp;<\/p>\n<p><strong>Por Rafael Castro<\/strong><br \/>\n<strong>Santo Domingo, RD. | 1 de septiembre de 2025<\/strong><\/p>\n<p>El esperado vuelo de Amazon, la gigante mundial de la paqueter\u00eda y el comercio electr\u00f3nico, que marcar\u00e1 el inicio de sus operaciones directas en la Rep\u00fablica Dominicana, fue reprogramado para este mi\u00e9rcoles 3 de septiembre a las 9:00 de la ma\u00f1ana, a trav\u00e9s del Aeropuerto Internacional de Las Am\u00e9ricas, Jos\u00e9 Francisco Pe\u00f1a G\u00f3mez (AILA).<\/p>\n<p>El anuncio fue realizado por <strong>Luis Jos\u00e9 L\u00f3pez<\/strong>, director de Comunicaciones de Aeropuertos Dominicanos XXI (Aerodom), filial de Vinci Airports, quien explic\u00f3 que el arribo de la aeronave estaba inicialmente previsto para este martes, pero por ajustes log\u00edsticos fue pospuesto un d\u00eda m\u00e1s.<\/p>\n<p>El avi\u00f3n de Amazon ser\u00e1 recibido en la terminal de carga del AILA por una comisi\u00f3n oficial encabezada por el <strong>director general de Aduanas, Eduardo \u201cYayo\u201d Sanz Lovat\u00f3n<\/strong>, junto a representantes del sector aeroportuario, empresarial y log\u00edstico, lo que resalta la trascendencia de este acontecimiento para la econom\u00eda dominicana.<\/p>\n<p>Con este vuelo, Amazon <strong>dar\u00e1 inicio a entregas directas a sus miles de clientes en el pa\u00eds<\/strong>, agilizando los tiempos de despacho y fortaleciendo el mercado del comercio electr\u00f3nico local, que ha experimentado un crecimiento exponencial en los \u00faltimos a\u00f1os.<\/p>\n<p><strong>Centro estrat\u00e9gico en la regi\u00f3n<\/strong><\/p>\n<p>La multinacional estadounidense ha confirmado adem\u00e1s que la Rep\u00fablica Dominicana ser\u00e1 <strong>sede de un centro de distribuci\u00f3n regional para Am\u00e9rica Latina<\/strong>, una apuesta que ratifica la posici\u00f3n estrat\u00e9gica del pa\u00eds como hub de carga a\u00e9rea en el Caribe.<\/p>\n<p><strong>El propio Sanz Lovat\u00f3n destac\u00f3 la evoluci\u00f3n del sector log\u00edstico en el pa\u00eds:<\/strong><\/p>\n<p>\u201cHoy, el 60 % de las compras por internet se trasladan por v\u00eda a\u00e9rea, cuando hace apenas 15 o 20 a\u00f1os la mayor\u00eda llegaba por transporte mar\u00edtimo. Esto demuestra la transformaci\u00f3n de nuestra econom\u00eda y el papel del pa\u00eds como centro de distribuci\u00f3n de mercanc\u00edas\u201d.<\/p>\n<p><strong>Nueva infraestructura en el AILA<\/strong><\/p>\n<p>Cabe resaltar que recientemente las autoridades dominicanas dejaron en funcionamiento en el Aeropuerto Internacional de Las Am\u00e9ricas un <strong>moderno centro de recepci\u00f3n de paqueter\u00eda y courier<\/strong>, que servir\u00e1 de soporte para el incremento de las operaciones de transporte de mercanc\u00edas internacionales.<\/p>\n<p>La llegada de Amazon no solo permitir\u00e1 a los dominicanos recibir sus compras con mayor rapidez y eficiencia, sino que tambi\u00e9n proyecta al pa\u00eds como un destino confiable para las inversiones en log\u00edstica y comercio global.<\/p>\n<p>Con esta nueva operaci\u00f3n a\u00e9rea, Rep\u00fablica Dominicana se posiciona como un punto clave en el mapa del comercio electr\u00f3nico en la regi\u00f3n, marcando un <strong>antes y un despu\u00e9s en la manera en que los dominicanos acceden a productos comprados en l\u00ednea<\/strong>.<\/p>\n","protected":false},"excerpt":{"rendered":"<p>&nbsp; Por Rafael Castro Santo Domingo, RD. | 1 de septiembre de 2025 El esperado&#8230;<\/p>\n","protected":false},"author":3,"featured_media":469,"comment_status":"open","ping_status":"open","sticky":false,"template":"","format":"standard","meta":{"footnotes":""},"categories":[5,3],"tags":[],"class_list":["post-468","post","type-post","status-publish","format-standard","has-post-thumbnail","hentry","category-portada","category-turismo"],"_links":{"self":[{"href":"https:\/\/elviajero.com.do\/index.php\/wp-json\/wp\/v2\/posts\/468","targetHints":{"allow":["GET"]}}],"collection":[{"href":"https:\/\/elviajero.com.do\/index.php\/wp-json\/wp\/v2\/posts"}],"about":[{"href":"https:\/\/elviajero.com.do\/index.php\/wp-json\/wp\/v2\/types\/post"}],"author":[{"embeddable":true,"href":"https:\/\/elviajero.com.do\/index.php\/wp-json\/wp\/v2\/users\/3"}],"replies":[{"embeddable":true,"href":"https:\/\/elviajero.com.do\/index.php\/wp-json\/wp\/v2\/comments?post=468"}],"version-history":[{"count":1,"href":"https:\/\/elviajero.com.do\/index.php\/wp-json\/wp\/v2\/posts\/468\/revisions"}],"predecessor-version":[{"id":470,"href":"https:\/\/elviajero.com.do\/index.php\/wp-json\/wp\/v2\/posts\/468\/revisions\/470"}],"wp:featuredmedia":[{"embeddable":true,"href":"https:\/\/elviajero.com.do\/index.php\/wp-json\/wp\/v2\/media\/469"}],"wp:attachment":[{"href":"https:\/\/elviajero.com.do\/index.php\/wp-json\/wp\/v2\/media?parent=468"}],"wp:term":[{"taxonomy":"category","embeddable":true,"href":"https:\/\/elviajero.com.do\/index.php\/wp-json\/wp\/v2\/categories?post=468"},{"taxonomy":"post_tag","embeddable":true,"href":"https:\/\/elviajero.com.do\/index.php\/wp-json\/wp\/v2\/tags?post=468"}],"curies":[{"name":"wp","href":"https:\/\/api.w.org\/{rel}","templated":true}]}}