{"id":4958,"date":"2026-04-26T17:56:21","date_gmt":"2026-04-26T21:56:21","guid":{"rendered":"https:\/\/elviajero.com.do\/?p=4958"},"modified":"2026-04-26T17:56:30","modified_gmt":"2026-04-26T21:56:30","slug":"entre-elogios-y-reproches-trump-exalta-al-servicio-secreto-tras-tiroteo-y-arremete-contra-democratas","status":"publish","type":"post","link":"https:\/\/elviajero.com.do\/index.php\/2026\/04\/26\/entre-elogios-y-reproches-trump-exalta-al-servicio-secreto-tras-tiroteo-y-arremete-contra-democratas\/","title":{"rendered":"Entre elogios y reproches: Trump exalta al Servicio Secreto tras tiroteo y arremete contra dem\u00f3cratas"},"content":{"rendered":"<p>&nbsp;<\/p>\n<p data-start=\"115\" data-end=\"534\">Washington, D.C. \u2014<\/p>\n<p>\u00a0En medio de la tensi\u00f3n que a\u00fan se respira en la capital estadounidense tras el tiroteo ocurrido la noche del s\u00e1bado durante la tradicional Cena de Corresponsales de la Casa Blanca, el presidente Donald Trump rompi\u00f3 el silencio este domingo con un mensaje cargado de reconocimiento hacia los cuerpos de seguridad, pero tambi\u00e9n de fuertes cr\u00edticas hacia la oposici\u00f3n dem\u00f3crata.<\/p>\n<p data-start=\"536\" data-end=\"1095\">El mandatario elogi\u00f3 de manera enf\u00e1tica la actuaci\u00f3n del Servicio Secreto de los Estados Unidos y de las distintas fuerzas del orden que intervinieron en el incidente, destacando lo que calific\u00f3 como \u201cvalent\u00eda extraordinaria\u201d y \u201ctalento profesional\u201d para contener una situaci\u00f3n que pudo haber tenido consecuencias mucho m\u00e1s graves.<\/p>\n<p>\u00a0Seg\u00fan sus declaraciones, la r\u00e1pida respuesta de los agentes permiti\u00f3 neutralizar la amenaza en cuesti\u00f3n de minutos, garantizando la seguridad de los asistentes al evento, entre ellos periodistas, funcionarios y figuras p\u00fablicas.<\/p>\n<p data-start=\"1097\" data-end=\"1518\">La Cena de Corresponsales, considerada uno de los eventos sociales y pol\u00edticos m\u00e1s importantes del calendario en Washington D.C., se vio abruptamente interrumpida por el sonido de disparos, generando momentos de p\u00e1nico e incertidumbre.<\/p>\n<p>\u00a0Testigos describieron escenas de evacuaci\u00f3n apresurada y un despliegue inmediato de seguridad que acordon\u00f3 la zona mientras se evaluaba la magnitud de lo ocurrido.<\/p>\n<p data-start=\"1520\" data-end=\"1955\">En su pronunciamiento, Trump no solo se limit\u00f3 a reconocer la labor de los cuerpos de seguridad, sino que tambi\u00e9n utiliz\u00f3 el incidente como plataforma para cuestionar duramente a sus adversarios pol\u00edticos.<\/p>\n<p>\u00a0El presidente acus\u00f3 a miembros del Partido Dem\u00f3crata de los Estados Unidos de obstaculizar la asignaci\u00f3n de fondos necesarios para fortalecer los mecanismos de protecci\u00f3n en eventos de alto perfil y en instituciones clave del pa\u00eds.<\/p>\n<p data-start=\"1957\" data-end=\"2249\">\u201cEs inaceptable que, en un momento donde la seguridad debe ser prioridad absoluta, algunos sectores pol\u00edticos est\u00e9n bloqueando recursos esenciales\u201d, expres\u00f3 el mandatario, insistiendo en que la falta de consenso en el Congreso pone en riesgo la capacidad de respuesta ante amenazas similares.<\/p>\n<p data-start=\"2251\" data-end=\"2680\">Las declaraciones del presidente se producen en un contexto pol\u00edtico particularmente polarizado, donde el debate sobre el presupuesto federal y la financiaci\u00f3n de agencias de seguridad ha sido motivo de constantes enfrentamientos entre republicanos y dem\u00f3cratas.<\/p>\n<p>Analistas consideran que el episodio podr\u00eda intensificar a\u00fan m\u00e1s las tensiones, especialmente en un a\u00f1o marcado por decisiones clave en materia de seguridad nacional.<\/p>\n<p data-start=\"2682\" data-end=\"3046\">Mientras tanto, las autoridades contin\u00faan con las investigaciones para esclarecer los detalles del tiroteo, incluyendo la identidad del atacante, sus motivaciones y posibles fallos en los protocolos de seguridad.<\/p>\n<p>\u00a0El Servicio Secreto de los Estados Unidos asegur\u00f3 que se revisar\u00e1n los procedimientos implementados durante el evento para reforzar futuras operaciones.<\/p>\n<p data-start=\"3048\" data-end=\"3359\" data-is-last-node=\"\" data-is-only-node=\"\">La naci\u00f3n permanece a la expectativa de nuevas informaciones, en un episodio que no solo pone a prueba la eficacia de los organismos de seguridad, sino que tambi\u00e9n reaviva el debate pol\u00edtico sobre las prioridades presupuestarias y la responsabilidad compartida en la protecci\u00f3n de figuras p\u00fablicas y ciudadanos.<\/p>\n<p>&nbsp;<\/p>\n","protected":false},"excerpt":{"rendered":"<p>&nbsp; Washington, D.C. \u2014 \u00a0En medio de la tensi\u00f3n que a\u00fan se respira en la&#8230;<\/p>\n","protected":false},"author":3,"featured_media":4959,"comment_status":"open","ping_status":"open","sticky":false,"template":"","format":"standard","meta":{"footnotes":""},"categories":[5],"tags":[],"class_list":["post-4958","post","type-post","status-publish","format-standard","has-post-thumbnail","hentry","category-portada"],"_links":{"self":[{"href":"https:\/\/elviajero.com.do\/index.php\/wp-json\/wp\/v2\/posts\/4958","targetHints":{"allow":["GET"]}}],"collection":[{"href":"https:\/\/elviajero.com.do\/index.php\/wp-json\/wp\/v2\/posts"}],"about":[{"href":"https:\/\/elviajero.com.do\/index.php\/wp-json\/wp\/v2\/types\/post"}],"author":[{"embeddable":true,"href":"https:\/\/elviajero.com.do\/index.php\/wp-json\/wp\/v2\/users\/3"}],"replies":[{"embeddable":true,"href":"https:\/\/elviajero.com.do\/index.php\/wp-json\/wp\/v2\/comments?post=4958"}],"version-history":[{"count":1,"href":"https:\/\/elviajero.com.do\/index.php\/wp-json\/wp\/v2\/posts\/4958\/revisions"}],"predecessor-version":[{"id":4960,"href":"https:\/\/elviajero.com.do\/index.php\/wp-json\/wp\/v2\/posts\/4958\/revisions\/4960"}],"wp:featuredmedia":[{"embeddable":true,"href":"https:\/\/elviajero.com.do\/index.php\/wp-json\/wp\/v2\/media\/4959"}],"wp:attachment":[{"href":"https:\/\/elviajero.com.do\/index.php\/wp-json\/wp\/v2\/media?parent=4958"}],"wp:term":[{"taxonomy":"category","embeddable":true,"href":"https:\/\/elviajero.com.do\/index.php\/wp-json\/wp\/v2\/categories?post=4958"},{"taxonomy":"post_tag","embeddable":true,"href":"https:\/\/elviajero.com.do\/index.php\/wp-json\/wp\/v2\/tags?post=4958"}],"curies":[{"name":"wp","href":"https:\/\/api.w.org\/{rel}","templated":true}]}}