{"id":4974,"date":"2026-04-26T19:12:33","date_gmt":"2026-04-26T23:12:33","guid":{"rendered":"https:\/\/elviajero.com.do\/?p=4974"},"modified":"2026-04-26T19:14:22","modified_gmt":"2026-04-26T23:14:22","slug":"exprocurador-jean-alain-rodriguez-regresa-al-pais-tras-evaluacion-medica-en-espana","status":"publish","type":"post","link":"https:\/\/elviajero.com.do\/index.php\/2026\/04\/26\/exprocurador-jean-alain-rodriguez-regresa-al-pais-tras-evaluacion-medica-en-espana\/","title":{"rendered":"Exprocurador, Jean Alain Rodr\u00edguez regresa al pa\u00eds tras evaluaci\u00f3n m\u00e9dica en Espa\u00f1a"},"content":{"rendered":"<p data-start=\"96\" data-end=\"153\"><em data-start=\"96\" data-end=\"153\">Rafael Castro | 26 de abril de 2026<\/em><em><br data-start=\"132\" data-end=\"135\" \/>Santo Domingo, RD<\/em><\/p>\n<p data-start=\"155\" data-end=\"422\">El exprocurador general de la Rep\u00fablica, Jean Alain Rodr\u00edguez S\u00e1nchez, regres\u00f3 al pa\u00eds este domingo procedente de Madrid, Espa\u00f1a, luego de agotar un viaje autorizado por la justicia dominicana para someterse a evaluaciones m\u00e9dicas especializadas.<\/p>\n<p data-start=\"424\" data-end=\"855\">Su llegada se produjo por el Aeropuerto Internacional de Las Am\u00e9ricas, Jos\u00e9 Francisco Pe\u00f1a G\u00f3mez (AILA), a bordo de un vuelo de la aerol\u00ednea espa\u00f1ola Iberia, marcando el fin de una breve pero observada salida del territorio nacional en medio del proceso judicial que enfrenta por presuntos actos de corrupci\u00f3n durante su gesti\u00f3n al frente de la Procuradur\u00eda General de la Rep\u00fablica entre 2016 y 2020.<\/p>\n<p data-start=\"857\" data-end=\"1272\">La autorizaci\u00f3n para viajar fue concedida por el Segundo Tribunal Colegiado del Distrito Nacional, \u00f3rgano que conoce el juicio de fondo contra el exfuncionario.<\/p>\n<p>\u00a0El permiso establec\u00eda un per\u00edodo espec\u00edfico: desde la tarde del mi\u00e9rcoles 22 de abril hasta este domingo 26, lapso en el que Rodr\u00edguez deb\u00eda trasladarse a la capital espa\u00f1ola para realizarse estudios m\u00e9dicos cuya naturaleza no fue detallada p\u00fablicamente.<\/p>\n<p data-start=\"1274\" data-end=\"1713\">El retorno del exprocurador fue confirmado inicialmente por su equipo de defensa, que r\u00e1pidamente destac\u00f3 el cumplimiento estricto de las condiciones impuestas por el tribunal.<\/p>\n<p>\u00a0En un comunicado, sus abogados subrayaron que la llegada en la fecha estipulada \u201cconfirma, una vez m\u00e1s, su conducta procesal de respeto absoluto a la justicia\u201d, al tiempo que rechazaron versiones que suger\u00edan una eventual intenci\u00f3n de evadir el proceso judicial.<\/p>\n<p data-start=\"1715\" data-end=\"1978\">Poco despu\u00e9s, el Ministerio P\u00fablico corrobor\u00f3 la informaci\u00f3n, dando por cerrado el episodio del viaje m\u00e9dico sin incidentes, aunque el caso en su contra contin\u00faa siendo uno de los m\u00e1s emblem\u00e1ticos dentro de la lucha contra la corrupci\u00f3n administrativa en el pa\u00eds.<\/p>\n<p data-start=\"1980\" data-end=\"2377\">La salida de Rodr\u00edguez se produjo luego de su comparecencia en la audiencia celebrada el pasado mi\u00e9rcoles, en la que su barra de defensa plante\u00f3 ante el tribunal una solicitud de extinci\u00f3n de la acci\u00f3n penal.<\/p>\n<p>\u00a0Los abogados argumentaron que la acusaci\u00f3n presentada por el Ministerio P\u00fablico habr\u00eda sido depositada de manera irregular, lo que, a su juicio, vulnera garant\u00edas procesales fundamentales.<\/p>\n<p data-start=\"2379\" data-end=\"2597\">Sin embargo, mientras ese pedimento sigue bajo an\u00e1lisis judicial, el proceso principal contin\u00faa su curso, con un expediente voluminoso que recoge m\u00faltiples imputaciones vinculadas a su paso por la Procuradur\u00eda General.<\/p>\n<p data-start=\"2599\" data-end=\"2955\">El breve viaje a Espa\u00f1a, aunque autorizado, gener\u00f3 expectativas y comentarios en distintos sectores, dado el perfil del imputado y la complejidad del caso.<\/p>\n<p>No obstante, su regreso en la fecha establecida refuerza, seg\u00fan sus defensores, la disposici\u00f3n de Rodr\u00edguez de mantenerse sujeto a las decisiones de los tribunales y enfrentar el proceso en su contra.<\/p>\n<p data-start=\"2957\" data-end=\"3336\" data-is-last-node=\"\" data-is-only-node=\"\">Ahora, con su retorno al pa\u00eds, el exprocurador deber\u00e1 reintegrarse a las audiencias del juicio de fondo, en un escenario donde cada movimiento es seguido de cerca tanto por las autoridades judiciales como por la opini\u00f3n p\u00fablica.<\/p>\n<p>&nbsp;<\/p>\n","protected":false},"excerpt":{"rendered":"<p>Rafael Castro | 26 de abril de 2026Santo Domingo, RD El exprocurador general de la&#8230;<\/p>\n","protected":false},"author":3,"featured_media":4975,"comment_status":"open","ping_status":"open","sticky":false,"template":"","format":"standard","meta":{"footnotes":""},"categories":[2,5],"tags":[],"class_list":["post-4974","post","type-post","status-publish","format-standard","has-post-thumbnail","hentry","category-nacionales","category-portada"],"_links":{"self":[{"href":"https:\/\/elviajero.com.do\/index.php\/wp-json\/wp\/v2\/posts\/4974","targetHints":{"allow":["GET"]}}],"collection":[{"href":"https:\/\/elviajero.com.do\/index.php\/wp-json\/wp\/v2\/posts"}],"about":[{"href":"https:\/\/elviajero.com.do\/index.php\/wp-json\/wp\/v2\/types\/post"}],"author":[{"embeddable":true,"href":"https:\/\/elviajero.com.do\/index.php\/wp-json\/wp\/v2\/users\/3"}],"replies":[{"embeddable":true,"href":"https:\/\/elviajero.com.do\/index.php\/wp-json\/wp\/v2\/comments?post=4974"}],"version-history":[{"count":1,"href":"https:\/\/elviajero.com.do\/index.php\/wp-json\/wp\/v2\/posts\/4974\/revisions"}],"predecessor-version":[{"id":4976,"href":"https:\/\/elviajero.com.do\/index.php\/wp-json\/wp\/v2\/posts\/4974\/revisions\/4976"}],"wp:featuredmedia":[{"embeddable":true,"href":"https:\/\/elviajero.com.do\/index.php\/wp-json\/wp\/v2\/media\/4975"}],"wp:attachment":[{"href":"https:\/\/elviajero.com.do\/index.php\/wp-json\/wp\/v2\/media?parent=4974"}],"wp:term":[{"taxonomy":"category","embeddable":true,"href":"https:\/\/elviajero.com.do\/index.php\/wp-json\/wp\/v2\/categories?post=4974"},{"taxonomy":"post_tag","embeddable":true,"href":"https:\/\/elviajero.com.do\/index.php\/wp-json\/wp\/v2\/tags?post=4974"}],"curies":[{"name":"wp","href":"https:\/\/api.w.org\/{rel}","templated":true}]}}