{"id":4984,"date":"2026-04-26T21:09:35","date_gmt":"2026-04-27T01:09:35","guid":{"rendered":"https:\/\/elviajero.com.do\/?p=4984"},"modified":"2026-04-26T21:09:41","modified_gmt":"2026-04-27T01:09:41","slug":"abinader-inaugura-circuito-vial-bajo-yuna-y-transforma-la-vida-de-mas-de-30000-personas-en-el-nordeste","status":"publish","type":"post","link":"https:\/\/elviajero.com.do\/index.php\/2026\/04\/26\/abinader-inaugura-circuito-vial-bajo-yuna-y-transforma-la-vida-de-mas-de-30000-personas-en-el-nordeste\/","title":{"rendered":"Abinader inaugura Circuito Vial Bajo Yuna y transforma la vida de m\u00e1s de 30,000 personas en el nordeste"},"content":{"rendered":"<p>Provincia Duarte.-\u00a0 26 de abril 2026<\/p>\n<p><strong>El presidente Luis Abinader<\/strong>\u00a0encabez\u00f3 la <strong>inauguraci\u00f3n del Circuito Vial Bajo Yuna,<\/strong>\u00a0que supera los <strong>49 kil\u00f3metros<\/strong>\u00a0y crea una conexi\u00f3n entre las provincias <strong>Duarte y Mar\u00eda Trinidad S\u00e1nchez<\/strong>, adem\u00e1s de ampliar la <strong>movilidad<\/strong>\u00a0entre comunidades aisladas, fortalece el <strong>intercambio comercial<\/strong>\u00a0de importantes rubros como <strong>el arroz y el cacao.<\/strong><\/p>\n<p>Con una extensi\u00f3n de <strong>42.8 kil\u00f3metros<\/strong>, este circuito vial transforma la conectividad del nordeste, al habilitar un <strong>camino seguro<\/strong>\u00a0para las comunidades La Reforma, Las Coles, La Jagua, El Jobo, Jobo Afuera, Molenillo y La Garza, y conectar de manera directa con la <strong>autopista Juan Pablo Segundo y la carretera Nagua\u2013Saman\u00e1.<\/strong><\/p>\n<p>Adicional a esto, se asfaltaron <strong>6.2 kil\u00f3metros de v\u00edas internas<\/strong>.<\/p>\n<p>Al trasladarse al lugar, el jefe de Estado reiter\u00f3 que <strong>nunca antes se hab\u00edan construido tantas carreteras como en la actualidad<\/strong>, y se contin\u00faan acortando distancias entre comunidades de todo el pa\u00eds, citando al respecto la v\u00eda que se construye para unir <strong>Las Gu\u00e1ranas con Pimentel<\/strong>, en esta misma provincia.<\/p>\n<p>Destac\u00f3 tambi\u00e9n la <strong>alta calidad<\/strong>\u00a0con que se realizan estos trabajos, <strong>priorizando la asignaci\u00f3n de recursos para llevar progreso a la poblaci\u00f3n<\/strong>. En este sentido inform\u00f3 a los presentes que dar\u00e1 <strong>respuesta a otras necesidades<\/strong>\u00a0de la zona, como una <strong>funeraria, cementerio y m\u00e1s asfaltado.<\/strong><\/p>\n<p>Construido por el <strong>Ministerio de Obras P\u00fablicas y Comunicaciones<\/strong>, el Circuito Vial Bajo Yuna acerca tambi\u00e9n estas comunidades a <strong>servicios b\u00e1sicos de salud y educaci\u00f3n que sol\u00edan ser de limitado acceso<\/strong>, lo cual mejora las condiciones de vida de <strong>m\u00e1s de 20,000 personas de forma directa y m\u00e1s de 30,000 de manera indirecta<\/strong>.<\/p>\n<p>De su lado, el ministro <strong>Eduardo Estrella<\/strong>\u00a0subray\u00f3 que el circuito llega en un <strong>momento clave<\/strong>, con el <strong>aumento de la producci\u00f3n de arroz<\/strong>, eliminando trabas para su transporte.<\/p>\n<p><em>\"Estamos llenos de v\u00edas que comunican unas comunidades con otras y mejoran la calidad de vida de la gente\".<\/em><\/p>\n<p>Con entusiasmo, Estrella agreg\u00f3 que los hechos hablan por s\u00ed solos y este es un <em>\"presidente que se preocupa por su gente, que est\u00e1 trabajando no solamente por una provincia, sino tambi\u00e9n por un pa\u00eds. Tengan confianza en el presidente Luis Abinader, que cada d\u00eda demuestra m\u00e1s que los chelitos le rinden\".<\/em><\/p>\n<p><strong>M\u00e1s proyectos impactan positivamente provincia Duarte<\/strong><\/p>\n<p>&nbsp;<\/p>\n<p><img loading=\"lazy\" decoding=\"async\" class=\"alignnone size-full wp-image-4986\" src=\"https:\/\/elviajero.com.do\/wp-content\/uploads\/2026\/04\/1001569540-scaled.jpg\" alt=\"\" width=\"2560\" height=\"1706\" srcset=\"https:\/\/elviajero.com.do\/wp-content\/uploads\/2026\/04\/1001569540-scaled.jpg 2560w, https:\/\/elviajero.com.do\/wp-content\/uploads\/2026\/04\/1001569540-300x200.jpg 300w, https:\/\/elviajero.com.do\/wp-content\/uploads\/2026\/04\/1001569540-1024x683.jpg 1024w, https:\/\/elviajero.com.do\/wp-content\/uploads\/2026\/04\/1001569540-768x512.jpg 768w, https:\/\/elviajero.com.do\/wp-content\/uploads\/2026\/04\/1001569540-1536x1024.jpg 1536w, https:\/\/elviajero.com.do\/wp-content\/uploads\/2026\/04\/1001569540-2048x1365.jpg 2048w\" sizes=\"auto, (max-width: 2560px) 100vw, 2560px\" \/><\/p>\n<p>En beneficio de esta productiva provincia Duarte, el titular de Obras P\u00fablicas indic\u00f3 que <strong>contin\u00faan trabajando \u00e1gilmente en otros 78 kil\u00f3metros <\/strong>de carretera,<strong>\u00a0la circunvalaci\u00f3n de San Francisco<\/strong>\u00a0y la construcci\u00f3n de <strong>5 puentes<\/strong>, as\u00ed como el <strong>asfaltado de calles<\/strong>\u00a0de diferentes municipios y distritos, citando zonas como <strong>San Francisco de Macor\u00eds, Mam\u00e1 Ting\u00f3, Pimentel y El Aguacate.<\/strong><\/p>\n<p>Igualmente, <strong>comunitarios agradecieron<\/strong>\u00a0la construcci\u00f3n de un<strong>\u00a0puente en la comunidad de Bebedero <\/strong>que comunica <strong>30,000 tareas<\/strong>\u00a0m\u00e1s de tierra, <strong>dragados<\/strong>\u00a0que han permitido la rehabilitaci\u00f3n de <strong>unas 5,000 tareas<\/strong>, la construcci\u00f3n de <strong>aceras y contenes y caminos vecinales.<\/strong><\/p>\n<p><strong>Impulso a la econom\u00eda agr\u00edcola<\/strong><\/p>\n<p>El senador por la provincia Duarte, <strong>Franklin Romero<\/strong>, asever\u00f3 que el <strong>Bajo Yuna es una de las zonas agroproductivas m\u00e1s importantes<\/strong>\u00a0del pa\u00eds, por lo que esta obra fortalece la <strong>comercializaci\u00f3n<\/strong>\u00a0de rubros clave como el arroz y el cacao, reduciendo <strong>costos log\u00edsticos<\/strong>, disminuyendo <strong>p\u00e9rdidas poscosecha <\/strong>y aumentando la <strong>competitividad<\/strong>\u00a0de los productores.<\/p>\n<p>Dijo, adem\u00e1s, que esta v\u00eda crea <strong>nuevas oportunidades de progreso y desarrollo<\/strong>\u00a0para las familias locales, permitiendo el crecimiento de <strong>esta zona antes intransitable.<\/strong><\/p>\n<p><strong>Dise\u00f1o responde a los desaf\u00edos del territorio<\/strong><\/p>\n<p><img loading=\"lazy\" decoding=\"async\" class=\"alignnone size-full wp-image-4987\" src=\"https:\/\/elviajero.com.do\/wp-content\/uploads\/2026\/04\/1001569536-scaled.jpg\" alt=\"\" width=\"2560\" height=\"1707\" srcset=\"https:\/\/elviajero.com.do\/wp-content\/uploads\/2026\/04\/1001569536-scaled.jpg 2560w, https:\/\/elviajero.com.do\/wp-content\/uploads\/2026\/04\/1001569536-300x200.jpg 300w, https:\/\/elviajero.com.do\/wp-content\/uploads\/2026\/04\/1001569536-1024x683.jpg 1024w, https:\/\/elviajero.com.do\/wp-content\/uploads\/2026\/04\/1001569536-768x512.jpg 768w, https:\/\/elviajero.com.do\/wp-content\/uploads\/2026\/04\/1001569536-1536x1024.jpg 1536w, https:\/\/elviajero.com.do\/wp-content\/uploads\/2026\/04\/1001569536-2048x1365.jpg 2048w\" sizes=\"auto, (max-width: 2560px) 100vw, 2560px\" \/><\/p>\n<p>Ubicado en una <strong>zona vulnerable a inundaciones<\/strong>, el Circuito Bajo Yuna incorpora <strong>soluciones de drenaje<\/strong>\u00a0y dise\u00f1o que garantizan la <strong>transitabilidad incluso en condiciones clim\u00e1ticas adversas,<\/strong>\u00a0protegiendo tanto a las comunidades como a la producci\u00f3n agr\u00edcola, alineado con la <strong>visi\u00f3n del Gobierno<\/strong>\u00a0de construir infraestructuras preparadas para responder a los <strong>desaf\u00edos clim\u00e1ticos del presente y el futuro.<\/strong><\/p>\n<p>En el acto participaron el senador por Mar\u00eda Trinidad S\u00e1nchez, <strong>Alexis Victoria Yeb<\/strong>, junto con las gobernadoras <strong>Ana Xiomara Cort\u00e9s y Mar\u00eda L\u00f3pez<\/strong>, as\u00ed como el director ejecutivo del Instituto Nacional de Recursos Hidr\u00e1ulicos <strong>(Indrhi)<\/strong>, <strong>Olmedo Caba<\/strong>.<\/p>\n<p>&nbsp;<\/p>\n","protected":false},"excerpt":{"rendered":"<p>Provincia Duarte.-\u00a0 26 de abril 2026 El presidente Luis Abinader\u00a0encabez\u00f3 la inauguraci\u00f3n del Circuito Vial&#8230;<\/p>\n","protected":false},"author":3,"featured_media":4985,"comment_status":"open","ping_status":"open","sticky":false,"template":"","format":"standard","meta":{"footnotes":""},"categories":[2,5],"tags":[],"class_list":["post-4984","post","type-post","status-publish","format-standard","has-post-thumbnail","hentry","category-nacionales","category-portada"],"_links":{"self":[{"href":"https:\/\/elviajero.com.do\/index.php\/wp-json\/wp\/v2\/posts\/4984","targetHints":{"allow":["GET"]}}],"collection":[{"href":"https:\/\/elviajero.com.do\/index.php\/wp-json\/wp\/v2\/posts"}],"about":[{"href":"https:\/\/elviajero.com.do\/index.php\/wp-json\/wp\/v2\/types\/post"}],"author":[{"embeddable":true,"href":"https:\/\/elviajero.com.do\/index.php\/wp-json\/wp\/v2\/users\/3"}],"replies":[{"embeddable":true,"href":"https:\/\/elviajero.com.do\/index.php\/wp-json\/wp\/v2\/comments?post=4984"}],"version-history":[{"count":1,"href":"https:\/\/elviajero.com.do\/index.php\/wp-json\/wp\/v2\/posts\/4984\/revisions"}],"predecessor-version":[{"id":4988,"href":"https:\/\/elviajero.com.do\/index.php\/wp-json\/wp\/v2\/posts\/4984\/revisions\/4988"}],"wp:featuredmedia":[{"embeddable":true,"href":"https:\/\/elviajero.com.do\/index.php\/wp-json\/wp\/v2\/media\/4985"}],"wp:attachment":[{"href":"https:\/\/elviajero.com.do\/index.php\/wp-json\/wp\/v2\/media?parent=4984"}],"wp:term":[{"taxonomy":"category","embeddable":true,"href":"https:\/\/elviajero.com.do\/index.php\/wp-json\/wp\/v2\/categories?post=4984"},{"taxonomy":"post_tag","embeddable":true,"href":"https:\/\/elviajero.com.do\/index.php\/wp-json\/wp\/v2\/tags?post=4984"}],"curies":[{"name":"wp","href":"https:\/\/api.w.org\/{rel}","templated":true}]}}